{"id":4602,"date":"2019-08-27T08:00:16","date_gmt":"2019-08-27T11:00:16","guid":{"rendered":"http:\/\/viacaofortaleza.com.br\/?p=4602"},"modified":"2019-08-26T10:12:44","modified_gmt":"2019-08-26T13:12:44","slug":"dia-do-psicologo-2","status":"publish","type":"post","link":"http:\/\/viacaofortaleza.com.br\/index.php\/2019\/08\/27\/dia-do-psicologo-2\/","title":{"rendered":"Dia do Psic\u00f3logo"},"content":{"rendered":"<p>Mais do que desabafar, hoje \u00e9 dia de agradecer e&nbsp;parabenizar todos os profissionais da psicologia&nbsp;e, em especial, as nossas psic\u00f3logas, Izabel Bandeira,&nbsp;Deyse Barros, Luana Lima&nbsp;e Fernanda Bandeira.&nbsp;<\/p>\n<p>A aten\u00e7\u00e3o e o carinho de voc\u00eas \u00e9 primordial no desenvolvimento&nbsp;pessoal e profissional de cada um de n\u00f3s! Parab\u00e9ns!&nbsp;<img class=\"emojioneemoji\" src=\"https:\/\/cdn.jsdelivr.net\/emojione\/assets\/4.0\/png\/32\/1f44f.png\" alt=\"?\"><\/p>\n<p>27 de agosto &#8211; Dia do Psic\u00f3logo<\/p>\n<p>#diadopsic\u00f3logo #psicologia #desabafar<\/p>\n","protected":false},"excerpt":{"rendered":"<p>Mais do que desabafar, hoje \u00e9 dia de agradecer e&nbsp;parabenizar todos os profissionais da psicologia&nbsp;e, em especial, as nossas psic\u00f3logas, Izabel Bandeira,&nbsp;Deyse Barros, Luana Lima&nbsp;e Fernanda Bandeira.&nbsp; A aten\u00e7\u00e3o e o carinho de voc\u00eas \u00e9 primordial no desenvolvimento&nbsp;pessoal e profissional de cada um de n\u00f3s! Parab\u00e9ns!&nbsp; 27 de agosto &#8211; Dia do Psic\u00f3logo #diadopsic\u00f3logo #psicologia&hellip; <br \/> <a class=\"read-more\" href=\"http:\/\/viacaofortaleza.com.br\/index.php\/2019\/08\/27\/dia-do-psicologo-2\/\">Leia mais<\/a><\/p>\n","protected":false},"author":1,"featured_media":4603,"comment_status":"open","ping_status":"open","sticky":false,"template":"","format":"standard","meta":{"_mi_skip_tracking":false,"_monsterinsights_sitenote_active":false,"_monsterinsights_sitenote_note":"","_monsterinsights_sitenote_category":0,"ngg_post_thumbnail":0},"categories":[3],"tags":[81],"_links":{"self":[{"href":"http:\/\/viacaofortaleza.com.br\/index.php\/wp-json\/wp\/v2\/posts\/4602"}],"collection":[{"href":"http:\/\/viacaofortaleza.com.br\/index.php\/wp-json\/wp\/v2\/posts"}],"about":[{"href":"http:\/\/viacaofortaleza.com.br\/index.php\/wp-json\/wp\/v2\/types\/post"}],"author":[{"embeddable":true,"href":"http:\/\/viacaofortaleza.com.br\/index.php\/wp-json\/wp\/v2\/users\/1"}],"replies":[{"embeddable":true,"href":"http:\/\/viacaofortaleza.com.br\/index.php\/wp-json\/wp\/v2\/comments?post=4602"}],"version-history":[{"count":2,"href":"http:\/\/viacaofortaleza.com.br\/index.php\/wp-json\/wp\/v2\/posts\/4602\/revisions"}],"predecessor-version":[{"id":4654,"href":"http:\/\/viacaofortaleza.com.br\/index.php\/wp-json\/wp\/v2\/posts\/4602\/revisions\/4654"}],"wp:featuredmedia":[{"embeddable":true,"href":"http:\/\/viacaofortaleza.com.br\/index.php\/wp-json\/wp\/v2\/media\/4603"}],"wp:attachment":[{"href":"http:\/\/viacaofortaleza.com.br\/index.php\/wp-json\/wp\/v2\/media?parent=4602"}],"wp:term":[{"taxonomy":"category","embeddable":true,"href":"http:\/\/viacaofortaleza.com.br\/index.php\/wp-json\/wp\/v2\/categories?post=4602"},{"taxonomy":"post_tag","embeddable":true,"href":"http:\/\/viacaofortaleza.com.br\/index.php\/wp-json\/wp\/v2\/tags?post=4602"}],"curies":[{"name":"wp","href":"https:\/\/api.w.org\/{rel}","templated":true}]}}