{"id":4609,"date":"2019-08-09T08:24:21","date_gmt":"2019-08-09T11:24:21","guid":{"rendered":"http:\/\/viacaofortaleza.com.br\/?p=4609"},"modified":"2019-08-09T08:24:21","modified_gmt":"2019-08-09T11:24:21","slug":"programa-de-capacitacao-de-motoristas-combate-a-incendio-6","status":"publish","type":"post","link":"http:\/\/viacaofortaleza.com.br\/index.php\/2019\/08\/09\/programa-de-capacitacao-de-motoristas-combate-a-incendio-6\/","title":{"rendered":"Programa de Capacita\u00e7\u00e3o de Motoristas &#8211; Combate \u00e0 Inc\u00eandio"},"content":{"rendered":"<p>Mais duas turmas formadas nos treinamentos de reciclagem do Programa de Capacita\u00e7\u00e3o de Motoristas, m\u00f3dulo de combate a inc\u00eandio.<br \/>\n\u2800<br \/>\nVia\u00e7\u00e3o Fortaleza<br \/>\nH\u00e1 67 anos, construindo a nossa Fortaleza de todos os dias.<br \/>\n\u2800<br \/>\n<a class=\"\" href=\"https:\/\/www.instagram.com\/explore\/tags\/combateainc%C3%AAndio\/\">#combateainc\u00eandio<\/a>&nbsp;<a class=\"\" href=\"https:\/\/www.instagram.com\/explore\/tags\/seguran%C3%A7a\/\">#seguran\u00e7a<\/a><a class=\"\" href=\"https:\/\/www.instagram.com\/explore\/tags\/reciclagem\/\">#reciclagem<\/a><\/p>\n","protected":false},"excerpt":{"rendered":"<p>Mais duas turmas formadas nos treinamentos de reciclagem do Programa de Capacita\u00e7\u00e3o de Motoristas, m\u00f3dulo de combate a inc\u00eandio. \u2800 Via\u00e7\u00e3o Fortaleza H\u00e1 67 anos, construindo a nossa Fortaleza de todos os dias. \u2800 #combateainc\u00eandio&nbsp;#seguran\u00e7a#reciclagem<\/p>\n","protected":false},"author":1,"featured_media":4610,"comment_status":"open","ping_status":"open","sticky":false,"template":"","format":"standard","meta":{"_mi_skip_tracking":false,"_monsterinsights_sitenote_active":false,"_monsterinsights_sitenote_note":"","_monsterinsights_sitenote_category":0,"ngg_post_thumbnail":0},"categories":[136],"tags":[342],"_links":{"self":[{"href":"http:\/\/viacaofortaleza.com.br\/index.php\/wp-json\/wp\/v2\/posts\/4609"}],"collection":[{"href":"http:\/\/viacaofortaleza.com.br\/index.php\/wp-json\/wp\/v2\/posts"}],"about":[{"href":"http:\/\/viacaofortaleza.com.br\/index.php\/wp-json\/wp\/v2\/types\/post"}],"author":[{"embeddable":true,"href":"http:\/\/viacaofortaleza.com.br\/index.php\/wp-json\/wp\/v2\/users\/1"}],"replies":[{"embeddable":true,"href":"http:\/\/viacaofortaleza.com.br\/index.php\/wp-json\/wp\/v2\/comments?post=4609"}],"version-history":[{"count":1,"href":"http:\/\/viacaofortaleza.com.br\/index.php\/wp-json\/wp\/v2\/posts\/4609\/revisions"}],"predecessor-version":[{"id":4611,"href":"http:\/\/viacaofortaleza.com.br\/index.php\/wp-json\/wp\/v2\/posts\/4609\/revisions\/4611"}],"wp:featuredmedia":[{"embeddable":true,"href":"http:\/\/viacaofortaleza.com.br\/index.php\/wp-json\/wp\/v2\/media\/4610"}],"wp:attachment":[{"href":"http:\/\/viacaofortaleza.com.br\/index.php\/wp-json\/wp\/v2\/media?parent=4609"}],"wp:term":[{"taxonomy":"category","embeddable":true,"href":"http:\/\/viacaofortaleza.com.br\/index.php\/wp-json\/wp\/v2\/categories?post=4609"},{"taxonomy":"post_tag","embeddable":true,"href":"http:\/\/viacaofortaleza.com.br\/index.php\/wp-json\/wp\/v2\/tags?post=4609"}],"curies":[{"name":"wp","href":"https:\/\/api.w.org\/{rel}","templated":true}]}}