{"id":4615,"date":"2019-08-09T11:00:15","date_gmt":"2019-08-09T14:00:15","guid":{"rendered":"http:\/\/viacaofortaleza.com.br\/?p=4615"},"modified":"2019-08-09T10:13:44","modified_gmt":"2019-08-09T13:13:44","slug":"projeto-transportando-saude-nas-cidades-sest-senat-e-fetrans","status":"publish","type":"post","link":"http:\/\/viacaofortaleza.com.br\/index.php\/2019\/08\/09\/projeto-transportando-saude-nas-cidades-sest-senat-e-fetrans\/","title":{"rendered":"Projeto Transportando Sa\u00fade nas Cidades &#8211; Sest Senat e Fetrans"},"content":{"rendered":"<p>O Sest Senat Fortaleza, em parceria com a Fetrans, realizou nesta quinta, 08\/08, o Projeto Transportando Sa\u00fade nas Cidades aqui na garagem da Via\u00e7\u00e3o Fortaleza. Um dia totalmente dedicado aos profissionais do transporte que conduzem vidas diariamente.<\/p>\n<p>Com o objetivo de conscientizar os trabalhadores do setor de transporte sobre a preven\u00e7\u00e3o de acidentes de tr\u00e2nsito, foram feitas atividades de orienta\u00e7\u00e3o sobre respeito e cidadania no tr\u00e2nsito, sa\u00fade e qualidade de vida, dire\u00e7\u00e3o segura e econ\u00f4mica.<\/p>\n<p>Agradecemos ao Sest Senat pela parceria de sempre e aos nossos colaboradores pela participa\u00e7\u00e3o!<\/p>\n<div>&gt;VEJA MAIS FOTOS NO FACEBOOK:&nbsp;&nbsp;https:\/\/www.facebook.com\/viacaofortaleza\/<\/div>\n<div>&nbsp;<\/div>\n<p>#transportandosa\u00fade #sa\u00fadesempre #sestsenat #via\u00e7\u00e3ofortaleza<\/p>\n","protected":false},"excerpt":{"rendered":"<p>O Sest Senat Fortaleza, em parceria com a Fetrans, realizou nesta quinta, 08\/08, o Projeto Transportando Sa\u00fade nas Cidades aqui na garagem da Via\u00e7\u00e3o Fortaleza. Um dia totalmente dedicado aos profissionais do transporte que conduzem vidas diariamente. Com o objetivo de conscientizar os trabalhadores do setor de transporte sobre a preven\u00e7\u00e3o de acidentes de tr\u00e2nsito,&hellip; <br \/> <a class=\"read-more\" href=\"http:\/\/viacaofortaleza.com.br\/index.php\/2019\/08\/09\/projeto-transportando-saude-nas-cidades-sest-senat-e-fetrans\/\">Leia mais<\/a><\/p>\n","protected":false},"author":1,"featured_media":4616,"comment_status":"open","ping_status":"open","sticky":false,"template":"","format":"standard","meta":{"_mi_skip_tracking":false,"_monsterinsights_sitenote_active":false,"_monsterinsights_sitenote_note":"","_monsterinsights_sitenote_category":0,"ngg_post_thumbnail":0},"categories":[8],"tags":[428],"_links":{"self":[{"href":"http:\/\/viacaofortaleza.com.br\/index.php\/wp-json\/wp\/v2\/posts\/4615"}],"collection":[{"href":"http:\/\/viacaofortaleza.com.br\/index.php\/wp-json\/wp\/v2\/posts"}],"about":[{"href":"http:\/\/viacaofortaleza.com.br\/index.php\/wp-json\/wp\/v2\/types\/post"}],"author":[{"embeddable":true,"href":"http:\/\/viacaofortaleza.com.br\/index.php\/wp-json\/wp\/v2\/users\/1"}],"replies":[{"embeddable":true,"href":"http:\/\/viacaofortaleza.com.br\/index.php\/wp-json\/wp\/v2\/comments?post=4615"}],"version-history":[{"count":1,"href":"http:\/\/viacaofortaleza.com.br\/index.php\/wp-json\/wp\/v2\/posts\/4615\/revisions"}],"predecessor-version":[{"id":4617,"href":"http:\/\/viacaofortaleza.com.br\/index.php\/wp-json\/wp\/v2\/posts\/4615\/revisions\/4617"}],"wp:featuredmedia":[{"embeddable":true,"href":"http:\/\/viacaofortaleza.com.br\/index.php\/wp-json\/wp\/v2\/media\/4616"}],"wp:attachment":[{"href":"http:\/\/viacaofortaleza.com.br\/index.php\/wp-json\/wp\/v2\/media?parent=4615"}],"wp:term":[{"taxonomy":"category","embeddable":true,"href":"http:\/\/viacaofortaleza.com.br\/index.php\/wp-json\/wp\/v2\/categories?post=4615"},{"taxonomy":"post_tag","embeddable":true,"href":"http:\/\/viacaofortaleza.com.br\/index.php\/wp-json\/wp\/v2\/tags?post=4615"}],"curies":[{"name":"wp","href":"https:\/\/api.w.org\/{rel}","templated":true}]}}