{"id":4666,"date":"2019-08-27T16:00:50","date_gmt":"2019-08-27T19:00:50","guid":{"rendered":"http:\/\/viacaofortaleza.com.br\/?p=4666"},"modified":"2019-08-27T15:11:55","modified_gmt":"2019-08-27T18:11:55","slug":"programa-de-capacitacao-de-motoristas-combate-a-incendio-7","status":"publish","type":"post","link":"http:\/\/viacaofortaleza.com.br\/index.php\/2019\/08\/27\/programa-de-capacitacao-de-motoristas-combate-a-incendio-7\/","title":{"rendered":"Programa de Capacita\u00e7\u00e3o de Motoristas &#8211; Combate a Inc\u00eandio"},"content":{"rendered":"<p>Programa de Capacita\u00e7\u00e3o de Motoristas&nbsp;<\/p>\n<div>Temos o prazer de apresentar mais duas turmas formadas no treinamento de reciclagem &#8211; m\u00f3dulo de&nbsp;combate a inc\u00eandio para motoristas.<\/p>\n<div>\n<div>&nbsp;<\/div>\n<p>Via\u00e7\u00e3o Fortaleza<\/p>\n<div>&nbsp;<\/div>\n<p>H\u00e1 67 anos, construindo a nossa Fortaleza de todos os dias.<\/p>\n<div>&nbsp;<\/div>\n<p>\u2800<br \/>\n#combateainc\u00eandio #seguran\u00e7a #reciclagem<\/p><\/div>\n<\/div>\n","protected":false},"excerpt":{"rendered":"<p>Programa de Capacita\u00e7\u00e3o de Motoristas&nbsp; Temos o prazer de apresentar mais duas turmas formadas no treinamento de reciclagem &#8211; m\u00f3dulo de&nbsp;combate a inc\u00eandio para motoristas. &nbsp; Via\u00e7\u00e3o Fortaleza &nbsp; H\u00e1 67 anos, construindo a nossa Fortaleza de todos os dias. &nbsp; \u2800 #combateainc\u00eandio #seguran\u00e7a #reciclagem<\/p>\n","protected":false},"author":1,"featured_media":4667,"comment_status":"open","ping_status":"open","sticky":false,"template":"","format":"standard","meta":{"_mi_skip_tracking":false,"_monsterinsights_sitenote_active":false,"_monsterinsights_sitenote_note":"","_monsterinsights_sitenote_category":0,"ngg_post_thumbnail":0},"categories":[136],"tags":[342],"_links":{"self":[{"href":"http:\/\/viacaofortaleza.com.br\/index.php\/wp-json\/wp\/v2\/posts\/4666"}],"collection":[{"href":"http:\/\/viacaofortaleza.com.br\/index.php\/wp-json\/wp\/v2\/posts"}],"about":[{"href":"http:\/\/viacaofortaleza.com.br\/index.php\/wp-json\/wp\/v2\/types\/post"}],"author":[{"embeddable":true,"href":"http:\/\/viacaofortaleza.com.br\/index.php\/wp-json\/wp\/v2\/users\/1"}],"replies":[{"embeddable":true,"href":"http:\/\/viacaofortaleza.com.br\/index.php\/wp-json\/wp\/v2\/comments?post=4666"}],"version-history":[{"count":1,"href":"http:\/\/viacaofortaleza.com.br\/index.php\/wp-json\/wp\/v2\/posts\/4666\/revisions"}],"predecessor-version":[{"id":4668,"href":"http:\/\/viacaofortaleza.com.br\/index.php\/wp-json\/wp\/v2\/posts\/4666\/revisions\/4668"}],"wp:featuredmedia":[{"embeddable":true,"href":"http:\/\/viacaofortaleza.com.br\/index.php\/wp-json\/wp\/v2\/media\/4667"}],"wp:attachment":[{"href":"http:\/\/viacaofortaleza.com.br\/index.php\/wp-json\/wp\/v2\/media?parent=4666"}],"wp:term":[{"taxonomy":"category","embeddable":true,"href":"http:\/\/viacaofortaleza.com.br\/index.php\/wp-json\/wp\/v2\/categories?post=4666"},{"taxonomy":"post_tag","embeddable":true,"href":"http:\/\/viacaofortaleza.com.br\/index.php\/wp-json\/wp\/v2\/tags?post=4666"}],"curies":[{"name":"wp","href":"https:\/\/api.w.org\/{rel}","templated":true}]}}