{"id":4704,"date":"2019-08-31T10:00:29","date_gmt":"2019-08-31T13:00:29","guid":{"rendered":"http:\/\/viacaofortaleza.com.br\/?p=4704"},"modified":"2019-09-12T16:05:55","modified_gmt":"2019-09-12T19:05:55","slug":"a-lei-do-deficiente-e-o-autismo","status":"publish","type":"post","link":"http:\/\/viacaofortaleza.com.br\/index.php\/2019\/08\/31\/a-lei-do-deficiente-e-o-autismo\/","title":{"rendered":"A lei do deficiente e o Autismo"},"content":{"rendered":"<p>A lei do deficiente e o Autismo<\/p>\n<p>O autismo pode ser invis\u00edvel aos olhos de quem n\u00e3o conhece, pois n\u00e3o possui uma carater\u00edstica f\u00edsica determinante. Al\u00e9m disso, as manifesta\u00e7\u00f5es do autismo s\u00e3o variadas, com sintomas e n\u00edveis de gravidade diferentes, o que dificulta sua identifica\u00e7\u00e3o.<\/p>\n<p>A Lei Federal 12.764\/2012 considera os autistas como pessoas com defici\u00eancia, garantindo a elas os mesmos direitos, dentre estes, o acesso priorit\u00e1rio e os assentos preferenciais.<\/p>\n<p>Como garantir o direito de uma pessoa que n\u00e3o possui uma dificuldade vis\u00edvel? Nesses casos, deve-se garantir os direitos da pessoa com base em sua autodeclara\u00e7\u00e3o, que consiste na forma em que ela se define para o outro.<\/p>\n<p>O Autismo n\u00e3o se cura, se compreende!<\/p>\n<p>#autismo #conhecimento #empatia #respeito #amor<\/p>\n","protected":false},"excerpt":{"rendered":"<p>A lei do deficiente e o Autismo O autismo pode ser invis\u00edvel aos olhos de quem n\u00e3o conhece, pois n\u00e3o possui uma carater\u00edstica f\u00edsica determinante. Al\u00e9m disso, as manifesta\u00e7\u00f5es do autismo s\u00e3o variadas, com sintomas e n\u00edveis de gravidade diferentes, o que dificulta sua identifica\u00e7\u00e3o. A Lei Federal 12.764\/2012 considera os autistas como pessoas com&hellip; <br \/> <a class=\"read-more\" href=\"http:\/\/viacaofortaleza.com.br\/index.php\/2019\/08\/31\/a-lei-do-deficiente-e-o-autismo\/\">Leia mais<\/a><\/p>\n","protected":false},"author":1,"featured_media":4705,"comment_status":"open","ping_status":"open","sticky":false,"template":"","format":"standard","meta":{"_mi_skip_tracking":false,"_monsterinsights_sitenote_active":false,"_monsterinsights_sitenote_note":"","_monsterinsights_sitenote_category":0,"ngg_post_thumbnail":0},"categories":[12],"tags":[441],"_links":{"self":[{"href":"http:\/\/viacaofortaleza.com.br\/index.php\/wp-json\/wp\/v2\/posts\/4704"}],"collection":[{"href":"http:\/\/viacaofortaleza.com.br\/index.php\/wp-json\/wp\/v2\/posts"}],"about":[{"href":"http:\/\/viacaofortaleza.com.br\/index.php\/wp-json\/wp\/v2\/types\/post"}],"author":[{"embeddable":true,"href":"http:\/\/viacaofortaleza.com.br\/index.php\/wp-json\/wp\/v2\/users\/1"}],"replies":[{"embeddable":true,"href":"http:\/\/viacaofortaleza.com.br\/index.php\/wp-json\/wp\/v2\/comments?post=4704"}],"version-history":[{"count":1,"href":"http:\/\/viacaofortaleza.com.br\/index.php\/wp-json\/wp\/v2\/posts\/4704\/revisions"}],"predecessor-version":[{"id":4708,"href":"http:\/\/viacaofortaleza.com.br\/index.php\/wp-json\/wp\/v2\/posts\/4704\/revisions\/4708"}],"wp:featuredmedia":[{"embeddable":true,"href":"http:\/\/viacaofortaleza.com.br\/index.php\/wp-json\/wp\/v2\/media\/4705"}],"wp:attachment":[{"href":"http:\/\/viacaofortaleza.com.br\/index.php\/wp-json\/wp\/v2\/media?parent=4704"}],"wp:term":[{"taxonomy":"category","embeddable":true,"href":"http:\/\/viacaofortaleza.com.br\/index.php\/wp-json\/wp\/v2\/categories?post=4704"},{"taxonomy":"post_tag","embeddable":true,"href":"http:\/\/viacaofortaleza.com.br\/index.php\/wp-json\/wp\/v2\/tags?post=4704"}],"curies":[{"name":"wp","href":"https:\/\/api.w.org\/{rel}","templated":true}]}}