{"id":4713,"date":"2019-08-31T08:00:29","date_gmt":"2019-08-31T11:00:29","guid":{"rendered":"http:\/\/viacaofortaleza.com.br\/?p=4713"},"modified":"2019-08-30T13:47:54","modified_gmt":"2019-08-30T16:47:54","slug":"dia-do-nutricionista","status":"publish","type":"post","link":"http:\/\/viacaofortaleza.com.br\/index.php\/2019\/08\/31\/dia-do-nutricionista\/","title":{"rendered":"Dia do Nutricionista"},"content":{"rendered":"<div>N\u00f3s, da Via\u00e7\u00e3o Fortaleza, sabemos da import\u00e2ncia da alimenta\u00e7\u00e3o saud\u00e1vel e multiplicamos esse h\u00e1bito em nossos colaboradores todos os dias! Por isso parabenizamos a Joelia Silva, nutricionista que cuida do nosso card\u00e1pio com muito carinho e dedica\u00e7\u00e3o.<\/div>\n<div>&nbsp;<\/div>\n<div>Que tal marcar aqui o seu nutricionista favorito para parabenizar por esse dia!<\/div>\n<div>&nbsp;<\/div>\n<div>31 de agosto &#8211; Dia do Nutricionista<\/div>\n<div><img class=\"emojioneemoji\" src=\"https:\/\/cdn.jsdelivr.net\/emojione\/assets\/4.0\/png\/32\/1f350.png\" alt=\"????\"><img class=\"emojioneemoji\" src=\"https:\/\/cdn.jsdelivr.net\/emojione\/assets\/4.0\/png\/32\/1f33d.png\" alt=\"????\"><img class=\"emojioneemoji\" src=\"https:\/\/cdn.jsdelivr.net\/emojione\/assets\/4.0\/png\/32\/1f957.png\" alt=\"????\"><img class=\"emojioneemoji\" src=\"https:\/\/cdn.jsdelivr.net\/emojione\/assets\/4.0\/png\/32\/1f95b.png\" alt=\"????\"><img class=\"emojioneemoji\" src=\"https:\/\/cdn.jsdelivr.net\/emojione\/assets\/4.0\/png\/32\/1f375.png\" alt=\"????\"><img class=\"emojioneemoji\" src=\"https:\/\/cdn.jsdelivr.net\/emojione\/assets\/4.0\/png\/32\/1f966.png\" alt=\"????\"><img class=\"emojioneemoji\" src=\"https:\/\/cdn.jsdelivr.net\/emojione\/assets\/4.0\/png\/32\/1f34e.png\" alt=\"????\"><img class=\"emojioneemoji\" src=\"https:\/\/cdn.jsdelivr.net\/emojione\/assets\/4.0\/png\/32\/1f347.png\" alt=\"????\"><\/div>\n<div>&nbsp;<\/div>\n<div>\n<div>&nbsp;<\/div>\n<p>#nutri\u00e7\u00e3o #vidasaud\u00e1vel #alimenta\u00e7\u00e3osaud\u00e1vel<\/p><\/div>\n","protected":false},"excerpt":{"rendered":"<p>N\u00f3s, da Via\u00e7\u00e3o Fortaleza, sabemos da import\u00e2ncia da alimenta\u00e7\u00e3o saud\u00e1vel e multiplicamos esse h\u00e1bito em nossos colaboradores todos os dias! Por isso parabenizamos a Joelia Silva, nutricionista que cuida do nosso card\u00e1pio com muito carinho e dedica\u00e7\u00e3o. &nbsp; Que tal marcar aqui o seu nutricionista favorito para parabenizar por esse dia! &nbsp; 31 de agosto&hellip; <br \/> <a class=\"read-more\" href=\"http:\/\/viacaofortaleza.com.br\/index.php\/2019\/08\/31\/dia-do-nutricionista\/\">Leia mais<\/a><\/p>\n","protected":false},"author":1,"featured_media":4714,"comment_status":"open","ping_status":"open","sticky":false,"template":"","format":"standard","meta":{"_mi_skip_tracking":false,"_monsterinsights_sitenote_active":false,"_monsterinsights_sitenote_note":"","_monsterinsights_sitenote_category":0,"ngg_post_thumbnail":0},"categories":[3],"tags":[444],"_links":{"self":[{"href":"http:\/\/viacaofortaleza.com.br\/index.php\/wp-json\/wp\/v2\/posts\/4713"}],"collection":[{"href":"http:\/\/viacaofortaleza.com.br\/index.php\/wp-json\/wp\/v2\/posts"}],"about":[{"href":"http:\/\/viacaofortaleza.com.br\/index.php\/wp-json\/wp\/v2\/types\/post"}],"author":[{"embeddable":true,"href":"http:\/\/viacaofortaleza.com.br\/index.php\/wp-json\/wp\/v2\/users\/1"}],"replies":[{"embeddable":true,"href":"http:\/\/viacaofortaleza.com.br\/index.php\/wp-json\/wp\/v2\/comments?post=4713"}],"version-history":[{"count":1,"href":"http:\/\/viacaofortaleza.com.br\/index.php\/wp-json\/wp\/v2\/posts\/4713\/revisions"}],"predecessor-version":[{"id":4715,"href":"http:\/\/viacaofortaleza.com.br\/index.php\/wp-json\/wp\/v2\/posts\/4713\/revisions\/4715"}],"wp:featuredmedia":[{"embeddable":true,"href":"http:\/\/viacaofortaleza.com.br\/index.php\/wp-json\/wp\/v2\/media\/4714"}],"wp:attachment":[{"href":"http:\/\/viacaofortaleza.com.br\/index.php\/wp-json\/wp\/v2\/media?parent=4713"}],"wp:term":[{"taxonomy":"category","embeddable":true,"href":"http:\/\/viacaofortaleza.com.br\/index.php\/wp-json\/wp\/v2\/categories?post=4713"},{"taxonomy":"post_tag","embeddable":true,"href":"http:\/\/viacaofortaleza.com.br\/index.php\/wp-json\/wp\/v2\/tags?post=4713"}],"curies":[{"name":"wp","href":"https:\/\/api.w.org\/{rel}","templated":true}]}}