{"id":4899,"date":"2019-09-09T15:30:19","date_gmt":"2019-09-09T18:30:19","guid":{"rendered":"http:\/\/viacaofortaleza.com.br\/?p=4899"},"modified":"2019-09-09T15:07:04","modified_gmt":"2019-09-09T18:07:04","slug":"programa-de-capacitacao-de-motoristas-modulo-combate-a-incendio","status":"publish","type":"post","link":"http:\/\/viacaofortaleza.com.br\/index.php\/2019\/09\/09\/programa-de-capacitacao-de-motoristas-modulo-combate-a-incendio\/","title":{"rendered":"Programa de Capacita\u00e7\u00e3o de Motoristas &#8211; M\u00f3dulo Combate \u00e0 Inc\u00eandio"},"content":{"rendered":"<p>Programa de Capacita\u00e7\u00e3o de Motoristas<\/p>\n<p>Iniciamos em maio deste ano o Programa de Capacita\u00e7\u00e3o de Motoristas, um projeto que promove a reciclagem dos nossos condutores de vidas no m\u00f3dulo de combate \u00e0 inc\u00eandio, com teoria e pr\u00e1tica. Ministramos cursos semanais com o objetivo de ensinar e reciclar todos os nossos condutores. Neste \u00faltimo m\u00eas de agosto, fechamos o ciclo de treinamentos, formando a nossa \u00faltima turma.&nbsp;<\/p>\n<p>Agradecemos a participa\u00e7\u00e3o de todos que vieram refor\u00e7ar seus conhecimentos e assim promover uma maior seguran\u00e7a aos nossos colaboradores e usu\u00e1rios.<\/p>\n<p>Via\u00e7\u00e3o Fortaleza<\/p>\n<p>H\u00e1 67 anos, construindo a nossa Fortaleza de todos os dias.<\/p>\n<div>&nbsp;<\/div>\n<p>#combateainc\u00eandio #seguran\u00e7a #reciclagem<\/p>\n","protected":false},"excerpt":{"rendered":"<p>Programa de Capacita\u00e7\u00e3o de Motoristas Iniciamos em maio deste ano o Programa de Capacita\u00e7\u00e3o de Motoristas, um projeto que promove a reciclagem dos nossos condutores de vidas no m\u00f3dulo de combate \u00e0 inc\u00eandio, com teoria e pr\u00e1tica. Ministramos cursos semanais com o objetivo de ensinar e reciclar todos os nossos condutores. Neste \u00faltimo m\u00eas de&hellip; <br \/> <a class=\"read-more\" href=\"http:\/\/viacaofortaleza.com.br\/index.php\/2019\/09\/09\/programa-de-capacitacao-de-motoristas-modulo-combate-a-incendio\/\">Leia mais<\/a><\/p>\n","protected":false},"author":1,"featured_media":4900,"comment_status":"open","ping_status":"open","sticky":false,"template":"","format":"standard","meta":{"_mi_skip_tracking":false,"_monsterinsights_sitenote_active":false,"_monsterinsights_sitenote_note":"","_monsterinsights_sitenote_category":0,"ngg_post_thumbnail":0},"categories":[136],"tags":[453],"_links":{"self":[{"href":"http:\/\/viacaofortaleza.com.br\/index.php\/wp-json\/wp\/v2\/posts\/4899"}],"collection":[{"href":"http:\/\/viacaofortaleza.com.br\/index.php\/wp-json\/wp\/v2\/posts"}],"about":[{"href":"http:\/\/viacaofortaleza.com.br\/index.php\/wp-json\/wp\/v2\/types\/post"}],"author":[{"embeddable":true,"href":"http:\/\/viacaofortaleza.com.br\/index.php\/wp-json\/wp\/v2\/users\/1"}],"replies":[{"embeddable":true,"href":"http:\/\/viacaofortaleza.com.br\/index.php\/wp-json\/wp\/v2\/comments?post=4899"}],"version-history":[{"count":1,"href":"http:\/\/viacaofortaleza.com.br\/index.php\/wp-json\/wp\/v2\/posts\/4899\/revisions"}],"predecessor-version":[{"id":4901,"href":"http:\/\/viacaofortaleza.com.br\/index.php\/wp-json\/wp\/v2\/posts\/4899\/revisions\/4901"}],"wp:featuredmedia":[{"embeddable":true,"href":"http:\/\/viacaofortaleza.com.br\/index.php\/wp-json\/wp\/v2\/media\/4900"}],"wp:attachment":[{"href":"http:\/\/viacaofortaleza.com.br\/index.php\/wp-json\/wp\/v2\/media?parent=4899"}],"wp:term":[{"taxonomy":"category","embeddable":true,"href":"http:\/\/viacaofortaleza.com.br\/index.php\/wp-json\/wp\/v2\/categories?post=4899"},{"taxonomy":"post_tag","embeddable":true,"href":"http:\/\/viacaofortaleza.com.br\/index.php\/wp-json\/wp\/v2\/tags?post=4899"}],"curies":[{"name":"wp","href":"https:\/\/api.w.org\/{rel}","templated":true}]}}