{"id":4905,"date":"2019-09-11T13:00:06","date_gmt":"2019-09-11T16:00:06","guid":{"rendered":"http:\/\/viacaofortaleza.com.br\/?p=4905"},"modified":"2019-09-09T16:04:21","modified_gmt":"2019-09-09T19:04:21","slug":"vamos-refletir","status":"publish","type":"post","link":"http:\/\/viacaofortaleza.com.br\/index.php\/2019\/09\/11\/vamos-refletir\/","title":{"rendered":"Vamos refletir?"},"content":{"rendered":"<p>Nossa coordenadora de RH, Izabel Bandeira, psic\u00f3loga e&nbsp;atuante no transporte urbano de Fortaleza h\u00e1 26 anos,&nbsp;publicou na Revista Auto Cear\u00e1 mais uma mat\u00e9ria recheada de&nbsp;reflex\u00e3o, autoconhecimento e atitudes assertivas.<\/p>\n<div>&nbsp;<\/div>\n<p>O texto: O que te move?, nos faz refletir sobre o que realmente&nbsp;nos move a viver todos os dias, buscando o autoconhecimento e o&nbsp;real sentido de suas atitudes.<\/p>\n<div>&nbsp;<\/div>\n<p>Acompanhe a publica\u00e7\u00e3o neste link: https:\/\/issuu.com\/editoranucleo7\/docs\/auto-ce_75&nbsp;e boa leitura!<\/p>\n<div>&nbsp;<\/div>\n<p>#revistaautocear\u00e1 #oquetemove?<\/p>\n","protected":false},"excerpt":{"rendered":"<p>Nossa coordenadora de RH, Izabel Bandeira, psic\u00f3loga e&nbsp;atuante no transporte urbano de Fortaleza h\u00e1 26 anos,&nbsp;publicou na Revista Auto Cear\u00e1 mais uma mat\u00e9ria recheada de&nbsp;reflex\u00e3o, autoconhecimento e atitudes assertivas. &nbsp; O texto: O que te move?, nos faz refletir sobre o que realmente&nbsp;nos move a viver todos os dias, buscando o autoconhecimento e o&nbsp;real sentido&hellip; <br \/> <a class=\"read-more\" href=\"http:\/\/viacaofortaleza.com.br\/index.php\/2019\/09\/11\/vamos-refletir\/\">Leia mais<\/a><\/p>\n","protected":false},"author":1,"featured_media":4906,"comment_status":"open","ping_status":"open","sticky":false,"template":"","format":"standard","meta":{"_mi_skip_tracking":false,"_monsterinsights_sitenote_active":false,"_monsterinsights_sitenote_note":"","_monsterinsights_sitenote_category":0,"ngg_post_thumbnail":0},"categories":[455],"tags":[456],"_links":{"self":[{"href":"http:\/\/viacaofortaleza.com.br\/index.php\/wp-json\/wp\/v2\/posts\/4905"}],"collection":[{"href":"http:\/\/viacaofortaleza.com.br\/index.php\/wp-json\/wp\/v2\/posts"}],"about":[{"href":"http:\/\/viacaofortaleza.com.br\/index.php\/wp-json\/wp\/v2\/types\/post"}],"author":[{"embeddable":true,"href":"http:\/\/viacaofortaleza.com.br\/index.php\/wp-json\/wp\/v2\/users\/1"}],"replies":[{"embeddable":true,"href":"http:\/\/viacaofortaleza.com.br\/index.php\/wp-json\/wp\/v2\/comments?post=4905"}],"version-history":[{"count":1,"href":"http:\/\/viacaofortaleza.com.br\/index.php\/wp-json\/wp\/v2\/posts\/4905\/revisions"}],"predecessor-version":[{"id":4907,"href":"http:\/\/viacaofortaleza.com.br\/index.php\/wp-json\/wp\/v2\/posts\/4905\/revisions\/4907"}],"wp:featuredmedia":[{"embeddable":true,"href":"http:\/\/viacaofortaleza.com.br\/index.php\/wp-json\/wp\/v2\/media\/4906"}],"wp:attachment":[{"href":"http:\/\/viacaofortaleza.com.br\/index.php\/wp-json\/wp\/v2\/media?parent=4905"}],"wp:term":[{"taxonomy":"category","embeddable":true,"href":"http:\/\/viacaofortaleza.com.br\/index.php\/wp-json\/wp\/v2\/categories?post=4905"},{"taxonomy":"post_tag","embeddable":true,"href":"http:\/\/viacaofortaleza.com.br\/index.php\/wp-json\/wp\/v2\/tags?post=4905"}],"curies":[{"name":"wp","href":"https:\/\/api.w.org\/{rel}","templated":true}]}}