{"id":4910,"date":"2019-09-10T08:51:29","date_gmt":"2019-09-10T11:51:29","guid":{"rendered":"http:\/\/viacaofortaleza.com.br\/?p=4910"},"modified":"2019-09-10T08:56:21","modified_gmt":"2019-09-10T11:56:21","slug":"10-de-setembro-dia-mundia-de-prevencao-ao-suicidio","status":"publish","type":"post","link":"http:\/\/viacaofortaleza.com.br\/index.php\/2019\/09\/10\/10-de-setembro-dia-mundia-de-prevencao-ao-suicidio\/","title":{"rendered":"10 de Setembro &#8211; Dia Mundial de Preven\u00e7\u00e3o ao Suic\u00eddio"},"content":{"rendered":"<p>10 de Setembro &#8211; Dia Mundial de Preven\u00e7\u00e3o ao Suic\u00eddio<\/p>\n<p>O CVV \u2013 Centro de Valoriza\u00e7\u00e3o da Vida, realiza apoio emocional e preven\u00e7\u00e3o do suic\u00eddio, atendendo volunt\u00e1ria e gratuitamente todas as pessoas que querem e precisam conversar, sob total sigilo.<\/p>\n<p>A liga\u00e7\u00e3o para o CVV por meio do n\u00famero 188, s\u00e3o gratuitas a partir de qualquer linha telef\u00f4nica fixa ou celular.<\/p>\n<div class=\"text_exposed_show\">\n<p>Se precisar de ajudar, ligue 188. Falar \u00e9 sempre a melhor op\u00e7\u00e3o.<\/p>\n<p><a class=\"_58cn\" href=\"https:\/\/www.facebook.com\/hashtag\/setembroamarelo?source=feed_text&amp;epa=HASHTAG&amp;__xts__%5B0%5D=68.ARD26LrcFpQ3pfxcffofUM-hG4yQlrMIsd2onCncCFqL7qhyeBNY6ZL6GDOkdxiATQGNPscvHzzH0MY4oZO-Z6fDAGYPwzdZT6si3l4kgoJUpKkl5rrtLUV_FX4e-lhKzHXuXAaQ-5j8qSJcMXu58Dp_uDP-wZbmbaCeAbj1GUvnER16ROSwC-rvShHwILKHJimZAjnu9p0gm1et5jJzvUl1VRlI4J1DHipK-JioSaAWMMmTkCoy6OgyHeppkcg2ALHXN3VumZ_VUsyJzSi_Lw-w96DbL_wB3MwOkIkK3XvtYZXWcMSC2cnURXZC3c63rQwXwDQc8N7fvH9kV0KOWvqVqg&amp;__tn__=%2ANK-R\" data-ft=\"{&quot;type&quot;:104,&quot;tn&quot;:&quot;*N&quot;}\"><span class=\"_5afx\"><span class=\"_58cl _5afz\" aria-label=\"hashtag\">#<\/span><span class=\"_58cm\">setembroamarelo<\/span><\/span><\/a>&nbsp;<a class=\"_58cn\" href=\"https:\/\/www.facebook.com\/hashtag\/preven%C3%A7%C3%A3o?source=feed_text&amp;epa=HASHTAG&amp;__xts__%5B0%5D=68.ARD26LrcFpQ3pfxcffofUM-hG4yQlrMIsd2onCncCFqL7qhyeBNY6ZL6GDOkdxiATQGNPscvHzzH0MY4oZO-Z6fDAGYPwzdZT6si3l4kgoJUpKkl5rrtLUV_FX4e-lhKzHXuXAaQ-5j8qSJcMXu58Dp_uDP-wZbmbaCeAbj1GUvnER16ROSwC-rvShHwILKHJimZAjnu9p0gm1et5jJzvUl1VRlI4J1DHipK-JioSaAWMMmTkCoy6OgyHeppkcg2ALHXN3VumZ_VUsyJzSi_Lw-w96DbL_wB3MwOkIkK3XvtYZXWcMSC2cnURXZC3c63rQwXwDQc8N7fvH9kV0KOWvqVqg&amp;__tn__=%2ANK-R\" data-ft=\"{&quot;type&quot;:104,&quot;tn&quot;:&quot;*N&quot;}\"><span class=\"_5afx\"><span class=\"_58cl _5afz\" aria-label=\"hashtag\">#<\/span><span class=\"_58cm\">preven\u00e7\u00e3o<\/span><\/span><\/a>&nbsp;<a class=\"_58cn\" href=\"https:\/\/www.facebook.com\/hashtag\/cvv?source=feed_text&amp;epa=HASHTAG&amp;__xts__%5B0%5D=68.ARD26LrcFpQ3pfxcffofUM-hG4yQlrMIsd2onCncCFqL7qhyeBNY6ZL6GDOkdxiATQGNPscvHzzH0MY4oZO-Z6fDAGYPwzdZT6si3l4kgoJUpKkl5rrtLUV_FX4e-lhKzHXuXAaQ-5j8qSJcMXu58Dp_uDP-wZbmbaCeAbj1GUvnER16ROSwC-rvShHwILKHJimZAjnu9p0gm1et5jJzvUl1VRlI4J1DHipK-JioSaAWMMmTkCoy6OgyHeppkcg2ALHXN3VumZ_VUsyJzSi_Lw-w96DbL_wB3MwOkIkK3XvtYZXWcMSC2cnURXZC3c63rQwXwDQc8N7fvH9kV0KOWvqVqg&amp;__tn__=%2ANK-R\" data-ft=\"{&quot;type&quot;:104,&quot;tn&quot;:&quot;*N&quot;}\"><span class=\"_5afx\"><span class=\"_58cl _5afz\" aria-label=\"hashtag\">#<\/span><span class=\"_58cm\">CVV<\/span><\/span><\/a><\/p>\n<\/div>\n","protected":false},"excerpt":{"rendered":"<p>10 de Setembro &#8211; Dia Mundial de Preven\u00e7\u00e3o ao Suic\u00eddio O CVV \u2013 Centro de Valoriza\u00e7\u00e3o da Vida, realiza apoio emocional e preven\u00e7\u00e3o do suic\u00eddio, atendendo volunt\u00e1ria e gratuitamente todas as pessoas que querem e precisam conversar, sob total sigilo. A liga\u00e7\u00e3o para o CVV por meio do n\u00famero 188, s\u00e3o gratuitas a partir de&hellip; <br \/> <a class=\"read-more\" href=\"http:\/\/viacaofortaleza.com.br\/index.php\/2019\/09\/10\/10-de-setembro-dia-mundia-de-prevencao-ao-suicidio\/\">Leia mais<\/a><\/p>\n","protected":false},"author":1,"featured_media":4911,"comment_status":"open","ping_status":"open","sticky":false,"template":"","format":"standard","meta":{"_mi_skip_tracking":false,"_monsterinsights_sitenote_active":false,"_monsterinsights_sitenote_note":"","_monsterinsights_sitenote_category":0,"ngg_post_thumbnail":0},"categories":[3],"tags":[458],"_links":{"self":[{"href":"http:\/\/viacaofortaleza.com.br\/index.php\/wp-json\/wp\/v2\/posts\/4910"}],"collection":[{"href":"http:\/\/viacaofortaleza.com.br\/index.php\/wp-json\/wp\/v2\/posts"}],"about":[{"href":"http:\/\/viacaofortaleza.com.br\/index.php\/wp-json\/wp\/v2\/types\/post"}],"author":[{"embeddable":true,"href":"http:\/\/viacaofortaleza.com.br\/index.php\/wp-json\/wp\/v2\/users\/1"}],"replies":[{"embeddable":true,"href":"http:\/\/viacaofortaleza.com.br\/index.php\/wp-json\/wp\/v2\/comments?post=4910"}],"version-history":[{"count":2,"href":"http:\/\/viacaofortaleza.com.br\/index.php\/wp-json\/wp\/v2\/posts\/4910\/revisions"}],"predecessor-version":[{"id":4913,"href":"http:\/\/viacaofortaleza.com.br\/index.php\/wp-json\/wp\/v2\/posts\/4910\/revisions\/4913"}],"wp:featuredmedia":[{"embeddable":true,"href":"http:\/\/viacaofortaleza.com.br\/index.php\/wp-json\/wp\/v2\/media\/4911"}],"wp:attachment":[{"href":"http:\/\/viacaofortaleza.com.br\/index.php\/wp-json\/wp\/v2\/media?parent=4910"}],"wp:term":[{"taxonomy":"category","embeddable":true,"href":"http:\/\/viacaofortaleza.com.br\/index.php\/wp-json\/wp\/v2\/categories?post=4910"},{"taxonomy":"post_tag","embeddable":true,"href":"http:\/\/viacaofortaleza.com.br\/index.php\/wp-json\/wp\/v2\/tags?post=4910"}],"curies":[{"name":"wp","href":"https:\/\/api.w.org\/{rel}","templated":true}]}}