{"id":4922,"date":"2019-09-12T14:00:58","date_gmt":"2019-09-12T17:00:58","guid":{"rendered":"http:\/\/viacaofortaleza.com.br\/?p=4922"},"modified":"2019-09-12T13:41:51","modified_gmt":"2019-09-12T16:41:51","slug":"dia-mundial-de-limpeza-de-praias-2019-seuma","status":"publish","type":"post","link":"http:\/\/viacaofortaleza.com.br\/index.php\/2019\/09\/12\/dia-mundial-de-limpeza-de-praias-2019-seuma\/","title":{"rendered":"Dia Mundial de Limpeza de Praias 2019 &#8211; SEUMA"},"content":{"rendered":"<p>Vamos fazer parte de uma a\u00e7\u00e3o em prol do meio ambiente?<\/p>\n<p>Contamos com sua presen\u00e7a, no&nbsp;dia 21\/09, \u00e0s 07:30h, no cal\u00e7ad\u00e3o da Praia de Iracema, para juntos promovermos um meio ambiente mais saud\u00e1vel.<\/p>\n<p>Inscreva-se no RH at\u00e9 o dia 16\/09.<\/p>\n<p>&nbsp;<\/p>\n<p>&nbsp;<\/p>\n","protected":false},"excerpt":{"rendered":"<p>Vamos fazer parte de uma a\u00e7\u00e3o em prol do meio ambiente? Contamos com sua presen\u00e7a, no&nbsp;dia 21\/09, \u00e0s 07:30h, no cal\u00e7ad\u00e3o da Praia de Iracema, para juntos promovermos um meio ambiente mais saud\u00e1vel. Inscreva-se no RH at\u00e9 o dia 16\/09. &nbsp; &nbsp;<\/p>\n","protected":false},"author":1,"featured_media":4923,"comment_status":"open","ping_status":"open","sticky":false,"template":"","format":"standard","meta":{"_mi_skip_tracking":false,"_monsterinsights_sitenote_active":false,"_monsterinsights_sitenote_note":"","_monsterinsights_sitenote_category":0,"ngg_post_thumbnail":0},"categories":[8],"tags":[460],"_links":{"self":[{"href":"http:\/\/viacaofortaleza.com.br\/index.php\/wp-json\/wp\/v2\/posts\/4922"}],"collection":[{"href":"http:\/\/viacaofortaleza.com.br\/index.php\/wp-json\/wp\/v2\/posts"}],"about":[{"href":"http:\/\/viacaofortaleza.com.br\/index.php\/wp-json\/wp\/v2\/types\/post"}],"author":[{"embeddable":true,"href":"http:\/\/viacaofortaleza.com.br\/index.php\/wp-json\/wp\/v2\/users\/1"}],"replies":[{"embeddable":true,"href":"http:\/\/viacaofortaleza.com.br\/index.php\/wp-json\/wp\/v2\/comments?post=4922"}],"version-history":[{"count":1,"href":"http:\/\/viacaofortaleza.com.br\/index.php\/wp-json\/wp\/v2\/posts\/4922\/revisions"}],"predecessor-version":[{"id":4924,"href":"http:\/\/viacaofortaleza.com.br\/index.php\/wp-json\/wp\/v2\/posts\/4922\/revisions\/4924"}],"wp:featuredmedia":[{"embeddable":true,"href":"http:\/\/viacaofortaleza.com.br\/index.php\/wp-json\/wp\/v2\/media\/4923"}],"wp:attachment":[{"href":"http:\/\/viacaofortaleza.com.br\/index.php\/wp-json\/wp\/v2\/media?parent=4922"}],"wp:term":[{"taxonomy":"category","embeddable":true,"href":"http:\/\/viacaofortaleza.com.br\/index.php\/wp-json\/wp\/v2\/categories?post=4922"},{"taxonomy":"post_tag","embeddable":true,"href":"http:\/\/viacaofortaleza.com.br\/index.php\/wp-json\/wp\/v2\/tags?post=4922"}],"curies":[{"name":"wp","href":"https:\/\/api.w.org\/{rel}","templated":true}]}}