{"id":4938,"date":"2019-09-19T09:00:14","date_gmt":"2019-09-19T12:00:14","guid":{"rendered":"http:\/\/viacaofortaleza.com.br\/?p=4938"},"modified":"2019-09-12T16:22:03","modified_gmt":"2019-09-12T19:22:03","slug":"semana-nacional-do-transito-sest-senat-3","status":"publish","type":"post","link":"http:\/\/viacaofortaleza.com.br\/index.php\/2019\/09\/19\/semana-nacional-do-transito-sest-senat-3\/","title":{"rendered":"Semana Nacional do Tr\u00e2nsito &#8211; Sest Senat"},"content":{"rendered":"<p>ATEN\u00c7\u00c3O COLABORADORES!<br \/>\n\u2800<br \/>\nEm parceria com o Sest Senat, teremos mais um dia dedicado \u00e0 voc\u00ea colaborador, com os servi\u00e7os de:<br \/>\nSA\u00daDE &#8211; Aferi\u00e7\u00e3o de press\u00e3o e glicemia, orienta\u00e7\u00e3o de sa\u00fade bucal, nutricional e alongamentos.<br \/>\nPALESTRA &#8211; Psicologia no Tr\u00e2nsito na Preven\u00e7\u00e3o de Acidentes, com o psic\u00f3logo Alexandre Santiago, \u00e0s 13h, no Audit\u00f3rio.<br \/>\n\u2800<br \/>\nDia 19 de setembro, de 13 \u00e1s 17h, aqui na garagem da Via\u00e7\u00e3o Fortaleza!<br \/>\n\u2800<br \/>\nContamos com sua participa\u00e7\u00e3o!<br \/>\n\u2800<br \/>\n\u2800<br \/>\n#qualidadedevida&nbsp;#condutores&nbsp;#transporte&nbsp;#sestsenat&nbsp;#semananacionaldotr\u00e2nsito&nbsp;#tr\u00e2nsitoseguro<\/p>\n","protected":false},"excerpt":{"rendered":"<p>ATEN\u00c7\u00c3O COLABORADORES! \u2800 Em parceria com o Sest Senat, teremos mais um dia dedicado \u00e0 voc\u00ea colaborador, com os servi\u00e7os de: SA\u00daDE &#8211; Aferi\u00e7\u00e3o de press\u00e3o e glicemia, orienta\u00e7\u00e3o de sa\u00fade bucal, nutricional e alongamentos. PALESTRA &#8211; Psicologia no Tr\u00e2nsito na Preven\u00e7\u00e3o de Acidentes, com o psic\u00f3logo Alexandre Santiago, \u00e0s 13h, no Audit\u00f3rio. \u2800 Dia&hellip; <br \/> <a class=\"read-more\" href=\"http:\/\/viacaofortaleza.com.br\/index.php\/2019\/09\/19\/semana-nacional-do-transito-sest-senat-3\/\">Leia mais<\/a><\/p>\n","protected":false},"author":1,"featured_media":4934,"comment_status":"open","ping_status":"open","sticky":false,"template":"","format":"standard","meta":{"_mi_skip_tracking":false,"_monsterinsights_sitenote_active":false,"_monsterinsights_sitenote_note":"","_monsterinsights_sitenote_category":0,"ngg_post_thumbnail":0},"categories":[8],"tags":[461],"_links":{"self":[{"href":"http:\/\/viacaofortaleza.com.br\/index.php\/wp-json\/wp\/v2\/posts\/4938"}],"collection":[{"href":"http:\/\/viacaofortaleza.com.br\/index.php\/wp-json\/wp\/v2\/posts"}],"about":[{"href":"http:\/\/viacaofortaleza.com.br\/index.php\/wp-json\/wp\/v2\/types\/post"}],"author":[{"embeddable":true,"href":"http:\/\/viacaofortaleza.com.br\/index.php\/wp-json\/wp\/v2\/users\/1"}],"replies":[{"embeddable":true,"href":"http:\/\/viacaofortaleza.com.br\/index.php\/wp-json\/wp\/v2\/comments?post=4938"}],"version-history":[{"count":1,"href":"http:\/\/viacaofortaleza.com.br\/index.php\/wp-json\/wp\/v2\/posts\/4938\/revisions"}],"predecessor-version":[{"id":4941,"href":"http:\/\/viacaofortaleza.com.br\/index.php\/wp-json\/wp\/v2\/posts\/4938\/revisions\/4941"}],"wp:featuredmedia":[{"embeddable":true,"href":"http:\/\/viacaofortaleza.com.br\/index.php\/wp-json\/wp\/v2\/media\/4934"}],"wp:attachment":[{"href":"http:\/\/viacaofortaleza.com.br\/index.php\/wp-json\/wp\/v2\/media?parent=4938"}],"wp:term":[{"taxonomy":"category","embeddable":true,"href":"http:\/\/viacaofortaleza.com.br\/index.php\/wp-json\/wp\/v2\/categories?post=4938"},{"taxonomy":"post_tag","embeddable":true,"href":"http:\/\/viacaofortaleza.com.br\/index.php\/wp-json\/wp\/v2\/tags?post=4938"}],"curies":[{"name":"wp","href":"https:\/\/api.w.org\/{rel}","templated":true}]}}