{"id":4955,"date":"2019-09-03T16:30:26","date_gmt":"2019-09-03T19:30:26","guid":{"rendered":"http:\/\/viacaofortaleza.com.br\/?p=4955"},"modified":"2019-09-13T09:27:16","modified_gmt":"2019-09-13T12:27:16","slug":"setembro-amarelo-depressao-nao-e-drama","status":"publish","type":"post","link":"http:\/\/viacaofortaleza.com.br\/index.php\/2019\/09\/03\/setembro-amarelo-depressao-nao-e-drama\/","title":{"rendered":"Setembro Amarelo &#8211; Depress\u00e3o n\u00e3o \u00e9 drama!"},"content":{"rendered":"<p>O m\u00eas de setembro \u00e9 dedicado ao combate e preven\u00e7\u00e3o ao suic\u00eddio, para entendermos a import\u00e2ncia desse m\u00eas vamos conversar melhor sobre o que \u00e9 depress\u00e3o.<br \/>\n\u2800<br \/>\nA depress\u00e3o \u00e9 uma doen\u00e7a psiqui\u00e1trica cr\u00f4nica e recorrente que produz altera\u00e7\u00e3o do humor caracterizada por tristeza profunda e forte sentimento de desesperan\u00e7a, \u00e9 uma doen\u00e7a INCAPACITANTE que atinge por volta de 350 milh\u00f5es de pessoas no mundo.<br \/>\n\u2800<br \/>\n\u26a0Depress\u00e3o N\u00c3O \u00c9 DRAMA.<br \/>\n\u2800<br \/>\n\u00c9 essencial identificar os sintomas. Se voc\u00ea ou algu\u00e9m est\u00e1 passando por algo parecido procure ajuda m\u00e9dica.<br \/>\n\u2800<br \/>\n<a class=\"\" href=\"https:\/\/www.instagram.com\/explore\/tags\/setembroamarelo\/\">#setembroamarelo<\/a>&nbsp;<a class=\"\" href=\"https:\/\/www.instagram.com\/explore\/tags\/depress%C3%A3on%C3%A3o%C3%A9drama\/\">#depress\u00e3on\u00e3o\u00e9drama<\/a>&nbsp;<a class=\"\" href=\"https:\/\/www.instagram.com\/explore\/tags\/n%C3%A3o%C3%A9drama\/\">#n\u00e3o\u00e9drama<\/a><\/p>\n","protected":false},"excerpt":{"rendered":"<p>O m\u00eas de setembro \u00e9 dedicado ao combate e preven\u00e7\u00e3o ao suic\u00eddio, para entendermos a import\u00e2ncia desse m\u00eas vamos conversar melhor sobre o que \u00e9 depress\u00e3o. \u2800 A depress\u00e3o \u00e9 uma doen\u00e7a psiqui\u00e1trica cr\u00f4nica e recorrente que produz altera\u00e7\u00e3o do humor caracterizada por tristeza profunda e forte sentimento de desesperan\u00e7a, \u00e9 uma doen\u00e7a INCAPACITANTE que&hellip; <br \/> <a class=\"read-more\" href=\"http:\/\/viacaofortaleza.com.br\/index.php\/2019\/09\/03\/setembro-amarelo-depressao-nao-e-drama\/\">Leia mais<\/a><\/p>\n","protected":false},"author":1,"featured_media":4957,"comment_status":"open","ping_status":"open","sticky":false,"template":"","format":"standard","meta":{"_mi_skip_tracking":false,"_monsterinsights_sitenote_active":false,"_monsterinsights_sitenote_note":"","_monsterinsights_sitenote_category":0,"ngg_post_thumbnail":0},"categories":[12],"tags":[463],"_links":{"self":[{"href":"http:\/\/viacaofortaleza.com.br\/index.php\/wp-json\/wp\/v2\/posts\/4955"}],"collection":[{"href":"http:\/\/viacaofortaleza.com.br\/index.php\/wp-json\/wp\/v2\/posts"}],"about":[{"href":"http:\/\/viacaofortaleza.com.br\/index.php\/wp-json\/wp\/v2\/types\/post"}],"author":[{"embeddable":true,"href":"http:\/\/viacaofortaleza.com.br\/index.php\/wp-json\/wp\/v2\/users\/1"}],"replies":[{"embeddable":true,"href":"http:\/\/viacaofortaleza.com.br\/index.php\/wp-json\/wp\/v2\/comments?post=4955"}],"version-history":[{"count":1,"href":"http:\/\/viacaofortaleza.com.br\/index.php\/wp-json\/wp\/v2\/posts\/4955\/revisions"}],"predecessor-version":[{"id":4958,"href":"http:\/\/viacaofortaleza.com.br\/index.php\/wp-json\/wp\/v2\/posts\/4955\/revisions\/4958"}],"wp:featuredmedia":[{"embeddable":true,"href":"http:\/\/viacaofortaleza.com.br\/index.php\/wp-json\/wp\/v2\/media\/4957"}],"wp:attachment":[{"href":"http:\/\/viacaofortaleza.com.br\/index.php\/wp-json\/wp\/v2\/media?parent=4955"}],"wp:term":[{"taxonomy":"category","embeddable":true,"href":"http:\/\/viacaofortaleza.com.br\/index.php\/wp-json\/wp\/v2\/categories?post=4955"},{"taxonomy":"post_tag","embeddable":true,"href":"http:\/\/viacaofortaleza.com.br\/index.php\/wp-json\/wp\/v2\/tags?post=4955"}],"curies":[{"name":"wp","href":"https:\/\/api.w.org\/{rel}","templated":true}]}}