{"id":4977,"date":"2019-09-16T10:57:42","date_gmt":"2019-09-16T13:57:42","guid":{"rendered":"http:\/\/viacaofortaleza.com.br\/?p=4977"},"modified":"2019-09-16T10:57:42","modified_gmt":"2019-09-16T13:57:42","slug":"profissao-transporte-2019","status":"publish","type":"post","link":"http:\/\/viacaofortaleza.com.br\/index.php\/2019\/09\/16\/profissao-transporte-2019\/","title":{"rendered":"Profiss\u00e3o Transporte 2019"},"content":{"rendered":"<p><span style=\"color: #555555; font-family: Arial, 'Helvetica Neue', Helvetica, sans-serif; font-size: 14px; background-color: #ffffff;\">Nessa \u00faltima semana, o Sindi\u00f4nibus realizou um momento de homenagem para os colaboradores que participaram do Profiss\u00e3o Transporte 2019, onde cada um contou um pouco da sua hist\u00f3ria no setor do transporte e o dia-a-dia da sua profiss\u00e3o.<\/span><\/p>\n<p><span style=\"color: #555555; font-family: Arial, 'Helvetica Neue', Helvetica, sans-serif; font-size: 14px; background-color: #ffffff;\">Parabenizamos o nosso colaborador Paulo Ricardo, que come\u00e7ou na Fortaleza como cobrador, participou da nossa Escolinha de Forma\u00e7\u00e3o de Motoristas e hoje \u00e9 um dos nossos condutores de vidas.<\/span><\/p>\n<p><span style=\"color: #555555; font-family: Arial, 'Helvetica Neue', Helvetica, sans-serif; font-size: 14px; background-color: #ffffff;\">#profiss\u00e3otransporte #condutoresdevidas<\/span><\/p>\n<p><span style=\"color: #555555; font-family: Arial, 'Helvetica Neue', Helvetica, sans-serif; font-size: 14px; background-color: #ffffff;\">Via\u00e7\u00e3o Fortaleza<\/span><\/p>\n<div style=\"color: #555555; font-family: Arial, 'Helvetica Neue', Helvetica, sans-serif; font-size: 14px; background-color: #ffffff;\">&nbsp;<\/div>\n<p><span style=\"color: #555555; font-family: Arial, 'Helvetica Neue', Helvetica, sans-serif; font-size: 14px; background-color: #ffffff;\">H\u00e1 67 anos, construindo a nossa fortaleza de todos os dias.<\/span><\/p>\n","protected":false},"excerpt":{"rendered":"<p>Nessa \u00faltima semana, o Sindi\u00f4nibus realizou um momento de homenagem para os colaboradores que participaram do Profiss\u00e3o Transporte 2019, onde cada um contou um pouco da sua hist\u00f3ria no setor do transporte e o dia-a-dia da sua profiss\u00e3o. Parabenizamos o nosso colaborador Paulo Ricardo, que come\u00e7ou na Fortaleza como cobrador, participou da nossa Escolinha de&hellip; <br \/> <a class=\"read-more\" href=\"http:\/\/viacaofortaleza.com.br\/index.php\/2019\/09\/16\/profissao-transporte-2019\/\">Leia mais<\/a><\/p>\n","protected":false},"author":1,"featured_media":4979,"comment_status":"open","ping_status":"open","sticky":false,"template":"","format":"standard","meta":{"_mi_skip_tracking":false,"_monsterinsights_sitenote_active":false,"_monsterinsights_sitenote_note":"","_monsterinsights_sitenote_category":0,"ngg_post_thumbnail":0},"categories":[12],"tags":[467],"_links":{"self":[{"href":"http:\/\/viacaofortaleza.com.br\/index.php\/wp-json\/wp\/v2\/posts\/4977"}],"collection":[{"href":"http:\/\/viacaofortaleza.com.br\/index.php\/wp-json\/wp\/v2\/posts"}],"about":[{"href":"http:\/\/viacaofortaleza.com.br\/index.php\/wp-json\/wp\/v2\/types\/post"}],"author":[{"embeddable":true,"href":"http:\/\/viacaofortaleza.com.br\/index.php\/wp-json\/wp\/v2\/users\/1"}],"replies":[{"embeddable":true,"href":"http:\/\/viacaofortaleza.com.br\/index.php\/wp-json\/wp\/v2\/comments?post=4977"}],"version-history":[{"count":1,"href":"http:\/\/viacaofortaleza.com.br\/index.php\/wp-json\/wp\/v2\/posts\/4977\/revisions"}],"predecessor-version":[{"id":4980,"href":"http:\/\/viacaofortaleza.com.br\/index.php\/wp-json\/wp\/v2\/posts\/4977\/revisions\/4980"}],"wp:featuredmedia":[{"embeddable":true,"href":"http:\/\/viacaofortaleza.com.br\/index.php\/wp-json\/wp\/v2\/media\/4979"}],"wp:attachment":[{"href":"http:\/\/viacaofortaleza.com.br\/index.php\/wp-json\/wp\/v2\/media?parent=4977"}],"wp:term":[{"taxonomy":"category","embeddable":true,"href":"http:\/\/viacaofortaleza.com.br\/index.php\/wp-json\/wp\/v2\/categories?post=4977"},{"taxonomy":"post_tag","embeddable":true,"href":"http:\/\/viacaofortaleza.com.br\/index.php\/wp-json\/wp\/v2\/tags?post=4977"}],"curies":[{"name":"wp","href":"https:\/\/api.w.org\/{rel}","templated":true}]}}