{"id":4984,"date":"2019-09-19T16:00:39","date_gmt":"2019-09-19T19:00:39","guid":{"rendered":"http:\/\/viacaofortaleza.com.br\/?p=4984"},"modified":"2019-09-17T15:31:02","modified_gmt":"2019-09-17T18:31:02","slug":"caminhada-pela-paz-2019","status":"publish","type":"post","link":"http:\/\/viacaofortaleza.com.br\/index.php\/2019\/09\/19\/caminhada-pela-paz-2019\/","title":{"rendered":"Caminhada pela Paz 2019"},"content":{"rendered":"<p>Convidamos voc\u00ea, colaborador, a participar da Caminhada pela Paz 2019, realizada pela AMC em parceria com o Sindi\u00f4nibus.<\/p>\n<div>&nbsp;<\/div>\n<div>Fa\u00e7a sua inscri\u00e7\u00e3o no RH at\u00e9 o dia 23\/09!<\/div>\n<div>&nbsp;<\/div>\n<div>Participe!<\/div>\n<div>&nbsp;<\/div>\n<div>#amc #sindi\u00f4nibus #caminhadapelapaz<\/div>\n","protected":false},"excerpt":{"rendered":"<p>Convidamos voc\u00ea, colaborador, a participar da Caminhada pela Paz 2019, realizada pela AMC em parceria com o Sindi\u00f4nibus. &nbsp; Fa\u00e7a sua inscri\u00e7\u00e3o no RH at\u00e9 o dia 23\/09! &nbsp; Participe! &nbsp; #amc #sindi\u00f4nibus #caminhadapelapaz<\/p>\n","protected":false},"author":1,"featured_media":4985,"comment_status":"open","ping_status":"open","sticky":false,"template":"","format":"standard","meta":{"_mi_skip_tracking":false,"_monsterinsights_sitenote_active":false,"_monsterinsights_sitenote_note":"","_monsterinsights_sitenote_category":0,"ngg_post_thumbnail":0},"categories":[12],"tags":[468],"_links":{"self":[{"href":"http:\/\/viacaofortaleza.com.br\/index.php\/wp-json\/wp\/v2\/posts\/4984"}],"collection":[{"href":"http:\/\/viacaofortaleza.com.br\/index.php\/wp-json\/wp\/v2\/posts"}],"about":[{"href":"http:\/\/viacaofortaleza.com.br\/index.php\/wp-json\/wp\/v2\/types\/post"}],"author":[{"embeddable":true,"href":"http:\/\/viacaofortaleza.com.br\/index.php\/wp-json\/wp\/v2\/users\/1"}],"replies":[{"embeddable":true,"href":"http:\/\/viacaofortaleza.com.br\/index.php\/wp-json\/wp\/v2\/comments?post=4984"}],"version-history":[{"count":1,"href":"http:\/\/viacaofortaleza.com.br\/index.php\/wp-json\/wp\/v2\/posts\/4984\/revisions"}],"predecessor-version":[{"id":4986,"href":"http:\/\/viacaofortaleza.com.br\/index.php\/wp-json\/wp\/v2\/posts\/4984\/revisions\/4986"}],"wp:featuredmedia":[{"embeddable":true,"href":"http:\/\/viacaofortaleza.com.br\/index.php\/wp-json\/wp\/v2\/media\/4985"}],"wp:attachment":[{"href":"http:\/\/viacaofortaleza.com.br\/index.php\/wp-json\/wp\/v2\/media?parent=4984"}],"wp:term":[{"taxonomy":"category","embeddable":true,"href":"http:\/\/viacaofortaleza.com.br\/index.php\/wp-json\/wp\/v2\/categories?post=4984"},{"taxonomy":"post_tag","embeddable":true,"href":"http:\/\/viacaofortaleza.com.br\/index.php\/wp-json\/wp\/v2\/tags?post=4984"}],"curies":[{"name":"wp","href":"https:\/\/api.w.org\/{rel}","templated":true}]}}