{"id":4999,"date":"2019-09-18T16:54:21","date_gmt":"2019-09-18T19:54:21","guid":{"rendered":"http:\/\/viacaofortaleza.com.br\/?p=4999"},"modified":"2019-09-18T16:54:21","modified_gmt":"2019-09-18T19:54:21","slug":"semana-do-transito-e-mobilidade-urbana-2019","status":"publish","type":"post","link":"http:\/\/viacaofortaleza.com.br\/index.php\/2019\/09\/18\/semana-do-transito-e-mobilidade-urbana-2019\/","title":{"rendered":"Semana do Tr\u00e2nsito e Mobilidade Urbana 2019"},"content":{"rendered":"<p>Iniciamos hoje a programa\u00e7\u00e3o da Semana do Tr\u00e2nsito e Mobilidade Urbana 2019.&nbsp;<\/p>\n<div>Uma iniciativa da Etufor e Sindi\u00f4nibus, com apoio da Iniciativa Bloomberg de Seguran\u00e7a Vi\u00e1ria Global e da Parceria por Cidades Saud\u00e1veis e participa\u00e7\u00e3o das empresas de transporte urbano de Fortaleza.<\/p>\n<div>\n<div>&nbsp;<\/div>\n<p>Veja a programa\u00e7\u00e3o completa e participe!<\/p><\/div>\n<div>\n<div>&nbsp;<\/div>\n<p><img loading=\"lazy\" class=\"emojioneemoji\" src=\"https:\/\/cdn.jsdelivr.net\/emojione\/assets\/4.0\/png\/32\/2705.png\" alt=\"\u2705\" width=\"20\" height=\"20\">18\/09 \u2013 8h \u00e0s 11h &#8211; A\u00e7\u00e3o educativa direcionada aos passageiros \u2013 Terminal Ant\u00f4nio Bezerra e Terminal Messejana<\/div>\n<div>\n<div>&nbsp;<\/div>\n<p><img loading=\"lazy\" class=\"emojioneemoji\" src=\"https:\/\/cdn.jsdelivr.net\/emojione\/assets\/4.0\/png\/32\/2705.png\" alt=\"\u2705\" width=\"20\" height=\"20\">20\/09 \u2013 Treinamento para instrutores e profissionais das empresas de transporte. Tema: Respeito ao Pedestre e Respeito aos Limites de Velocidade<\/div>\n<div>\n<div>&nbsp;<\/div>\n<p><img loading=\"lazy\" class=\"emojioneemoji\" src=\"https:\/\/cdn.jsdelivr.net\/emojione\/assets\/4.0\/png\/32\/2705.png\" alt=\"\u2705\" width=\"20\" height=\"20\">23\/09 \u2013 8h \u00e0s 11h &#8211; A\u00e7\u00e3o educativa direcionada aos passageiros \u2013 Terminal Siqueira e Terminal Parangaba<\/div>\n<div>\n<div>&nbsp;<\/div>\n<p><img loading=\"lazy\" class=\"emojioneemoji\" src=\"https:\/\/cdn.jsdelivr.net\/emojione\/assets\/4.0\/png\/32\/2705.png\" alt=\"\u2705\" width=\"20\" height=\"20\">25\/09 \u2013 9h \u00e0s 11h30 &#8211; Participa\u00e7\u00e3o na caminhada pela Paz promovida pela AMC.<\/div>\n<\/div>\n<div>&nbsp;<\/div>\n<div>#snt2019 #mobilidadeurbana #semanadotr\u00e2nsito<\/div>\n","protected":false},"excerpt":{"rendered":"<p>Iniciamos hoje a programa\u00e7\u00e3o da Semana do Tr\u00e2nsito e Mobilidade Urbana 2019.&nbsp; Uma iniciativa da Etufor e Sindi\u00f4nibus, com apoio da Iniciativa Bloomberg de Seguran\u00e7a Vi\u00e1ria Global e da Parceria por Cidades Saud\u00e1veis e participa\u00e7\u00e3o das empresas de transporte urbano de Fortaleza. &nbsp; Veja a programa\u00e7\u00e3o completa e participe! &nbsp; 18\/09 \u2013 8h \u00e0s 11h&hellip; <br \/> <a class=\"read-more\" href=\"http:\/\/viacaofortaleza.com.br\/index.php\/2019\/09\/18\/semana-do-transito-e-mobilidade-urbana-2019\/\">Leia mais<\/a><\/p>\n","protected":false},"author":1,"featured_media":5002,"comment_status":"open","ping_status":"open","sticky":false,"template":"","format":"standard","meta":{"_mi_skip_tracking":false,"_monsterinsights_sitenote_active":false,"_monsterinsights_sitenote_note":"","_monsterinsights_sitenote_category":0,"ngg_post_thumbnail":0},"categories":[12],"tags":[470],"_links":{"self":[{"href":"http:\/\/viacaofortaleza.com.br\/index.php\/wp-json\/wp\/v2\/posts\/4999"}],"collection":[{"href":"http:\/\/viacaofortaleza.com.br\/index.php\/wp-json\/wp\/v2\/posts"}],"about":[{"href":"http:\/\/viacaofortaleza.com.br\/index.php\/wp-json\/wp\/v2\/types\/post"}],"author":[{"embeddable":true,"href":"http:\/\/viacaofortaleza.com.br\/index.php\/wp-json\/wp\/v2\/users\/1"}],"replies":[{"embeddable":true,"href":"http:\/\/viacaofortaleza.com.br\/index.php\/wp-json\/wp\/v2\/comments?post=4999"}],"version-history":[{"count":1,"href":"http:\/\/viacaofortaleza.com.br\/index.php\/wp-json\/wp\/v2\/posts\/4999\/revisions"}],"predecessor-version":[{"id":5003,"href":"http:\/\/viacaofortaleza.com.br\/index.php\/wp-json\/wp\/v2\/posts\/4999\/revisions\/5003"}],"wp:featuredmedia":[{"embeddable":true,"href":"http:\/\/viacaofortaleza.com.br\/index.php\/wp-json\/wp\/v2\/media\/5002"}],"wp:attachment":[{"href":"http:\/\/viacaofortaleza.com.br\/index.php\/wp-json\/wp\/v2\/media?parent=4999"}],"wp:term":[{"taxonomy":"category","embeddable":true,"href":"http:\/\/viacaofortaleza.com.br\/index.php\/wp-json\/wp\/v2\/categories?post=4999"},{"taxonomy":"post_tag","embeddable":true,"href":"http:\/\/viacaofortaleza.com.br\/index.php\/wp-json\/wp\/v2\/tags?post=4999"}],"curies":[{"name":"wp","href":"https:\/\/api.w.org\/{rel}","templated":true}]}}