{"id":5012,"date":"2019-09-20T12:03:47","date_gmt":"2019-09-20T15:03:47","guid":{"rendered":"http:\/\/viacaofortaleza.com.br\/?p=5012"},"modified":"2019-09-20T12:03:47","modified_gmt":"2019-09-20T15:03:47","slug":"semana-nacional-do-transito-2019-sest-senat-na-viacao-fortaleza","status":"publish","type":"post","link":"http:\/\/viacaofortaleza.com.br\/index.php\/2019\/09\/20\/semana-nacional-do-transito-2019-sest-senat-na-viacao-fortaleza\/","title":{"rendered":"Semana Nacional do Tr\u00e2nsito 2019 &#8211; SEST SENAT na Via\u00e7\u00e3o Fortaleza"},"content":{"rendered":"<p><span style=\"color: #555555; font-family: Arial, 'Helvetica Neue', Helvetica, sans-serif; font-size: 14px; background-color: #ffffff;\">Na Semana Nacional do Tr\u00e2nsito, o SEST SENAT promove atendimentos gratuitos de sa\u00fade para motoristas do transporte coletivo de passageiros.&nbsp;<\/span><\/p>\n<div style=\"color: #555555; font-family: Arial, 'Helvetica Neue', Helvetica, sans-serif; font-size: 14px; background-color: #ffffff;\">Nesta \u00faltima quinta-feira (19) as a\u00e7\u00f5es aconteceram, em parceria com o Programa Despoluir, aqui na Via\u00e7\u00e3o Fortaleza.<\/p>\n<div>Profissionais mais saud\u00e1veis tamb\u00e9m contribuem para um tr\u00e2nsito mais seguro.<span style=\"background-color: transparent; font-size: inherit;\">&nbsp;<\/span><\/div>\n<div>\n<div>&nbsp;<\/div>\n<p>Este ano a Semana Nacional do Tr\u00e2nsito fala sobre a import\u00e2ncia da empatia: no tr\u00e2nsito, todos devemos nos colocar no lugar do outro, para construir um ambiente de respeito e seguran\u00e7a.<\/p><\/div>\n<div>\n<div>&nbsp;<\/div>\n<p>#SemanaDoTr\u00e2nsito #Empatia #Sa\u00fadeDoMotorista<\/p><\/div>\n<\/div>\n","protected":false},"excerpt":{"rendered":"<p>Na Semana Nacional do Tr\u00e2nsito, o SEST SENAT promove atendimentos gratuitos de sa\u00fade para motoristas do transporte coletivo de passageiros.&nbsp; Nesta \u00faltima quinta-feira (19) as a\u00e7\u00f5es aconteceram, em parceria com o Programa Despoluir, aqui na Via\u00e7\u00e3o Fortaleza. Profissionais mais saud\u00e1veis tamb\u00e9m contribuem para um tr\u00e2nsito mais seguro.&nbsp; &nbsp; Este ano a Semana Nacional do Tr\u00e2nsito&hellip; <br \/> <a class=\"read-more\" href=\"http:\/\/viacaofortaleza.com.br\/index.php\/2019\/09\/20\/semana-nacional-do-transito-2019-sest-senat-na-viacao-fortaleza\/\">Leia mais<\/a><\/p>\n","protected":false},"author":1,"featured_media":5013,"comment_status":"open","ping_status":"open","sticky":false,"template":"","format":"standard","meta":{"_mi_skip_tracking":false,"_monsterinsights_sitenote_active":false,"_monsterinsights_sitenote_note":"","_monsterinsights_sitenote_category":0,"ngg_post_thumbnail":0},"categories":[12],"tags":[473],"_links":{"self":[{"href":"http:\/\/viacaofortaleza.com.br\/index.php\/wp-json\/wp\/v2\/posts\/5012"}],"collection":[{"href":"http:\/\/viacaofortaleza.com.br\/index.php\/wp-json\/wp\/v2\/posts"}],"about":[{"href":"http:\/\/viacaofortaleza.com.br\/index.php\/wp-json\/wp\/v2\/types\/post"}],"author":[{"embeddable":true,"href":"http:\/\/viacaofortaleza.com.br\/index.php\/wp-json\/wp\/v2\/users\/1"}],"replies":[{"embeddable":true,"href":"http:\/\/viacaofortaleza.com.br\/index.php\/wp-json\/wp\/v2\/comments?post=5012"}],"version-history":[{"count":1,"href":"http:\/\/viacaofortaleza.com.br\/index.php\/wp-json\/wp\/v2\/posts\/5012\/revisions"}],"predecessor-version":[{"id":5014,"href":"http:\/\/viacaofortaleza.com.br\/index.php\/wp-json\/wp\/v2\/posts\/5012\/revisions\/5014"}],"wp:featuredmedia":[{"embeddable":true,"href":"http:\/\/viacaofortaleza.com.br\/index.php\/wp-json\/wp\/v2\/media\/5013"}],"wp:attachment":[{"href":"http:\/\/viacaofortaleza.com.br\/index.php\/wp-json\/wp\/v2\/media?parent=5012"}],"wp:term":[{"taxonomy":"category","embeddable":true,"href":"http:\/\/viacaofortaleza.com.br\/index.php\/wp-json\/wp\/v2\/categories?post=5012"},{"taxonomy":"post_tag","embeddable":true,"href":"http:\/\/viacaofortaleza.com.br\/index.php\/wp-json\/wp\/v2\/tags?post=5012"}],"curies":[{"name":"wp","href":"https:\/\/api.w.org\/{rel}","templated":true}]}}