{"id":5037,"date":"2019-09-25T15:00:13","date_gmt":"2019-09-25T18:00:13","guid":{"rendered":"http:\/\/viacaofortaleza.com.br\/?p=5037"},"modified":"2019-09-23T15:01:50","modified_gmt":"2019-09-23T18:01:50","slug":"setembro-amarelo-escuta-na-garagem","status":"publish","type":"post","link":"http:\/\/viacaofortaleza.com.br\/index.php\/2019\/09\/25\/setembro-amarelo-escuta-na-garagem\/","title":{"rendered":"Setembro Amarelo &#8211; Escuta na Garagem"},"content":{"rendered":"<p><img loading=\"lazy\" class=\"emojioneemoji\" src=\"https:\/\/cdn.jsdelivr.net\/emojione\/assets\/4.0\/png\/32\/26a0.png\" alt=\"\u26a0\" width=\"18\" height=\"18\">Setembro Amarelo<\/p>\n<div>Estamos juntos pela vida e prontos para escutar voc\u00ea!&nbsp;Por isso te convidamos a participar de uma a\u00e7\u00e3o&nbsp;totalmente dedicada ao seu bem-estar psicol\u00f3gico.<\/div>\n<div>&nbsp;<\/div>\n<div><img class=\"emojioneemoji\" src=\"https:\/\/cdn.jsdelivr.net\/emojione\/assets\/4.0\/png\/32\/1f449.png\" alt=\"?\">26\/09, Escuta na Garagem, de 19 \u00e0s 21h.<\/div>\n<div><img class=\"emojioneemoji\" src=\"https:\/\/cdn.jsdelivr.net\/emojione\/assets\/4.0\/png\/32\/1f449.png\" alt=\"?\">27\/09, Escuta na Garagem, de 09 \u00e0s 11:30h e 14 \u00e0s 16:30h.<\/div>\n<div><img class=\"emojioneemoji\" src=\"https:\/\/cdn.jsdelivr.net\/emojione\/assets\/4.0\/png\/32\/1f449.png\" alt=\"?\">27\/09 &#8211; Palestra &#8211; Preven\u00e7\u00e3o ao Suic\u00eddio &#8211; Todos pela vida &#8211; de 09 \u00e0s 10h.<\/div>\n<div>&nbsp;<\/div>\n<div>Contamos com sua participa\u00e7\u00e3o! Marque presen\u00e7a!<\/div>\n<div>&nbsp;<\/div>\n<div>#setembroamarelo #escutanagaragem&nbsp;<\/div>\n","protected":false},"excerpt":{"rendered":"<p>Setembro Amarelo Estamos juntos pela vida e prontos para escutar voc\u00ea!&nbsp;Por isso te convidamos a participar de uma a\u00e7\u00e3o&nbsp;totalmente dedicada ao seu bem-estar psicol\u00f3gico. &nbsp; 26\/09, Escuta na Garagem, de 19 \u00e0s 21h. 27\/09, Escuta na Garagem, de 09 \u00e0s 11:30h e 14 \u00e0s 16:30h. 27\/09 &#8211; Palestra &#8211; Preven\u00e7\u00e3o ao Suic\u00eddio &#8211; Todos pela&hellip; <br \/> <a class=\"read-more\" href=\"http:\/\/viacaofortaleza.com.br\/index.php\/2019\/09\/25\/setembro-amarelo-escuta-na-garagem\/\">Leia mais<\/a><\/p>\n","protected":false},"author":1,"featured_media":5038,"comment_status":"open","ping_status":"open","sticky":false,"template":"","format":"standard","meta":{"_mi_skip_tracking":false,"_monsterinsights_sitenote_active":false,"_monsterinsights_sitenote_note":"","_monsterinsights_sitenote_category":0,"ngg_post_thumbnail":0},"categories":[12],"tags":[476],"_links":{"self":[{"href":"http:\/\/viacaofortaleza.com.br\/index.php\/wp-json\/wp\/v2\/posts\/5037"}],"collection":[{"href":"http:\/\/viacaofortaleza.com.br\/index.php\/wp-json\/wp\/v2\/posts"}],"about":[{"href":"http:\/\/viacaofortaleza.com.br\/index.php\/wp-json\/wp\/v2\/types\/post"}],"author":[{"embeddable":true,"href":"http:\/\/viacaofortaleza.com.br\/index.php\/wp-json\/wp\/v2\/users\/1"}],"replies":[{"embeddable":true,"href":"http:\/\/viacaofortaleza.com.br\/index.php\/wp-json\/wp\/v2\/comments?post=5037"}],"version-history":[{"count":1,"href":"http:\/\/viacaofortaleza.com.br\/index.php\/wp-json\/wp\/v2\/posts\/5037\/revisions"}],"predecessor-version":[{"id":5039,"href":"http:\/\/viacaofortaleza.com.br\/index.php\/wp-json\/wp\/v2\/posts\/5037\/revisions\/5039"}],"wp:featuredmedia":[{"embeddable":true,"href":"http:\/\/viacaofortaleza.com.br\/index.php\/wp-json\/wp\/v2\/media\/5038"}],"wp:attachment":[{"href":"http:\/\/viacaofortaleza.com.br\/index.php\/wp-json\/wp\/v2\/media?parent=5037"}],"wp:term":[{"taxonomy":"category","embeddable":true,"href":"http:\/\/viacaofortaleza.com.br\/index.php\/wp-json\/wp\/v2\/categories?post=5037"},{"taxonomy":"post_tag","embeddable":true,"href":"http:\/\/viacaofortaleza.com.br\/index.php\/wp-json\/wp\/v2\/tags?post=5037"}],"curies":[{"name":"wp","href":"https:\/\/api.w.org\/{rel}","templated":true}]}}