{"id":5069,"date":"2019-09-27T08:00:08","date_gmt":"2019-09-27T11:00:08","guid":{"rendered":"http:\/\/viacaofortaleza.com.br\/?p=5069"},"modified":"2019-09-26T11:01:04","modified_gmt":"2019-09-26T14:01:04","slug":"dia-nacional-de-doacao-de-orgaos","status":"publish","type":"post","link":"http:\/\/viacaofortaleza.com.br\/index.php\/2019\/09\/27\/dia-nacional-de-doacao-de-orgaos\/","title":{"rendered":"Dia Nacional de Doa\u00e7\u00e3o de \u00d3rg\u00e3os"},"content":{"rendered":"<p>27\/09 &#8211; Dia Nacional de Doa\u00e7\u00e3o de \u00d3rg\u00e3os<\/p>\n<div>\n<div>Qualquer pessoa pode ser uma doadora de \u00f3rg\u00e3os e nenhuma religi\u00e3o \u00e9 contra a doa\u00e7\u00e3o. Basta ser maior de 18 anos, ter condi\u00e7\u00f5es adequadas de sa\u00fade e ser avaliado por um m\u00e9dico para realiza\u00e7\u00e3o de exames.<\/p>\n<div>&nbsp;<\/div>\n<p>Para ser um doador em vida, voc\u00ea pode acessar o site da Alian\u00e7a Brasileira pela doa\u00e7\u00e3o de \u00d3rg\u00e3os e Tecidos (Adote), fazer seu cadastro e download do cart\u00e3o de doador. Basta acessar o link: http:\/\/www.adote.org.br\/.<\/p>\n<div>&nbsp;<\/div>\n<p>Al\u00e9m do cadastro, \u00e9 importante voc\u00ea falar para a sua fam\u00edlia que deseja ser um doador de \u00f3rg\u00e3os, para que ap\u00f3s a sua morte, os familiares (at\u00e9 segundo grau de parentesco) possam autorizar, por escrito, a retirada dos \u00f3rg\u00e3os.<\/p><\/div>\n<\/div>\n<div>&nbsp;<\/div>\n<div>SEJA UM DOADOR DE \u00d3RG\u00c3OS!<\/div>\n<div>&nbsp;<\/div>\n<div>#doa\u00e7\u00e3ode\u00f3rg\u00e3os #vida<\/div>\n","protected":false},"excerpt":{"rendered":"<p>27\/09 &#8211; Dia Nacional de Doa\u00e7\u00e3o de \u00d3rg\u00e3os Qualquer pessoa pode ser uma doadora de \u00f3rg\u00e3os e nenhuma religi\u00e3o \u00e9 contra a doa\u00e7\u00e3o. Basta ser maior de 18 anos, ter condi\u00e7\u00f5es adequadas de sa\u00fade e ser avaliado por um m\u00e9dico para realiza\u00e7\u00e3o de exames. &nbsp; Para ser um doador em vida, voc\u00ea pode acessar o&hellip; <br \/> <a class=\"read-more\" href=\"http:\/\/viacaofortaleza.com.br\/index.php\/2019\/09\/27\/dia-nacional-de-doacao-de-orgaos\/\">Leia mais<\/a><\/p>\n","protected":false},"author":1,"featured_media":5080,"comment_status":"open","ping_status":"open","sticky":false,"template":"","format":"standard","meta":{"_mi_skip_tracking":false,"_monsterinsights_sitenote_active":false,"_monsterinsights_sitenote_note":"","_monsterinsights_sitenote_category":0,"ngg_post_thumbnail":0},"categories":[3],"tags":[477],"_links":{"self":[{"href":"http:\/\/viacaofortaleza.com.br\/index.php\/wp-json\/wp\/v2\/posts\/5069"}],"collection":[{"href":"http:\/\/viacaofortaleza.com.br\/index.php\/wp-json\/wp\/v2\/posts"}],"about":[{"href":"http:\/\/viacaofortaleza.com.br\/index.php\/wp-json\/wp\/v2\/types\/post"}],"author":[{"embeddable":true,"href":"http:\/\/viacaofortaleza.com.br\/index.php\/wp-json\/wp\/v2\/users\/1"}],"replies":[{"embeddable":true,"href":"http:\/\/viacaofortaleza.com.br\/index.php\/wp-json\/wp\/v2\/comments?post=5069"}],"version-history":[{"count":1,"href":"http:\/\/viacaofortaleza.com.br\/index.php\/wp-json\/wp\/v2\/posts\/5069\/revisions"}],"predecessor-version":[{"id":5081,"href":"http:\/\/viacaofortaleza.com.br\/index.php\/wp-json\/wp\/v2\/posts\/5069\/revisions\/5081"}],"wp:featuredmedia":[{"embeddable":true,"href":"http:\/\/viacaofortaleza.com.br\/index.php\/wp-json\/wp\/v2\/media\/5080"}],"wp:attachment":[{"href":"http:\/\/viacaofortaleza.com.br\/index.php\/wp-json\/wp\/v2\/media?parent=5069"}],"wp:term":[{"taxonomy":"category","embeddable":true,"href":"http:\/\/viacaofortaleza.com.br\/index.php\/wp-json\/wp\/v2\/categories?post=5069"},{"taxonomy":"post_tag","embeddable":true,"href":"http:\/\/viacaofortaleza.com.br\/index.php\/wp-json\/wp\/v2\/tags?post=5069"}],"curies":[{"name":"wp","href":"https:\/\/api.w.org\/{rel}","templated":true}]}}