{"id":5165,"date":"2019-09-30T09:50:14","date_gmt":"2019-09-30T12:50:14","guid":{"rendered":"http:\/\/viacaofortaleza.com.br\/?p=5165"},"modified":"2019-09-30T09:50:14","modified_gmt":"2019-09-30T12:50:14","slug":"setembro-amarelo-escuta-na-garagem-2","status":"publish","type":"post","link":"http:\/\/viacaofortaleza.com.br\/index.php\/2019\/09\/30\/setembro-amarelo-escuta-na-garagem-2\/","title":{"rendered":"Setembro Amarelo &#8211; Escuta na Garagem"},"content":{"rendered":"<p>Encerrando o m\u00eas do Setembro Amarelo, colocamos em pr\u00e1tica o Projeto Escuta na Garagem, que abre um espa\u00e7o para escutar os colaboradores visando o seu bem-estar e trabalhando sua sa\u00fade mental. Tivemos a participa\u00e7\u00e3o especial da psic\u00f3loga Ana Clara com a Palestra: Preven\u00e7\u00e3o do Suic\u00eddio &#8211; Todos pela vida, em um momento de compartilhamento de hist\u00f3rias e muito aprendizado.<\/p>\n<p>Para fechar o m\u00eas, viemos todos de amarelo para mostrar nosso apoio \u00e0 causa e desejando que a sa\u00fade mental seja cuidada todos os dias. Al\u00e9m de distribuir muitos abra\u00e7os! Nossa gratid\u00e3o aos colaboradores que participaram deste dia e \u00e0 psicologa Ana Clara pela parceria!<\/p>\n<p>O m\u00eas de cuidado com a sa\u00fade mental t\u00e1 encerrando, mas lembre-se que a preven\u00e7\u00e3o deve ser feita todos os dias, CUIDE-SE!<\/p>\n<p>Via\u00e7\u00e3o Fortaleza&nbsp;<\/p>\n<p>H\u00e1 67 anos, construindo a nossa fortaleza de todos os dias.<\/p>\n","protected":false},"excerpt":{"rendered":"<p>Encerrando o m\u00eas do Setembro Amarelo, colocamos em pr\u00e1tica o Projeto Escuta na Garagem, que abre um espa\u00e7o para escutar os colaboradores visando o seu bem-estar e trabalhando sua sa\u00fade mental. Tivemos a participa\u00e7\u00e3o especial da psic\u00f3loga Ana Clara com a Palestra: Preven\u00e7\u00e3o do Suic\u00eddio &#8211; Todos pela vida, em um momento de compartilhamento de&hellip; <br \/> <a class=\"read-more\" href=\"http:\/\/viacaofortaleza.com.br\/index.php\/2019\/09\/30\/setembro-amarelo-escuta-na-garagem-2\/\">Leia mais<\/a><\/p>\n","protected":false},"author":1,"featured_media":5166,"comment_status":"open","ping_status":"open","sticky":false,"template":"","format":"standard","meta":{"_mi_skip_tracking":false,"_monsterinsights_sitenote_active":false,"_monsterinsights_sitenote_note":"","_monsterinsights_sitenote_category":0,"ngg_post_thumbnail":0},"categories":[12],"tags":[476],"_links":{"self":[{"href":"http:\/\/viacaofortaleza.com.br\/index.php\/wp-json\/wp\/v2\/posts\/5165"}],"collection":[{"href":"http:\/\/viacaofortaleza.com.br\/index.php\/wp-json\/wp\/v2\/posts"}],"about":[{"href":"http:\/\/viacaofortaleza.com.br\/index.php\/wp-json\/wp\/v2\/types\/post"}],"author":[{"embeddable":true,"href":"http:\/\/viacaofortaleza.com.br\/index.php\/wp-json\/wp\/v2\/users\/1"}],"replies":[{"embeddable":true,"href":"http:\/\/viacaofortaleza.com.br\/index.php\/wp-json\/wp\/v2\/comments?post=5165"}],"version-history":[{"count":1,"href":"http:\/\/viacaofortaleza.com.br\/index.php\/wp-json\/wp\/v2\/posts\/5165\/revisions"}],"predecessor-version":[{"id":5167,"href":"http:\/\/viacaofortaleza.com.br\/index.php\/wp-json\/wp\/v2\/posts\/5165\/revisions\/5167"}],"wp:featuredmedia":[{"embeddable":true,"href":"http:\/\/viacaofortaleza.com.br\/index.php\/wp-json\/wp\/v2\/media\/5166"}],"wp:attachment":[{"href":"http:\/\/viacaofortaleza.com.br\/index.php\/wp-json\/wp\/v2\/media?parent=5165"}],"wp:term":[{"taxonomy":"category","embeddable":true,"href":"http:\/\/viacaofortaleza.com.br\/index.php\/wp-json\/wp\/v2\/categories?post=5165"},{"taxonomy":"post_tag","embeddable":true,"href":"http:\/\/viacaofortaleza.com.br\/index.php\/wp-json\/wp\/v2\/tags?post=5165"}],"curies":[{"name":"wp","href":"https:\/\/api.w.org\/{rel}","templated":true}]}}