{"id":5217,"date":"2019-10-04T08:42:51","date_gmt":"2019-10-04T11:42:51","guid":{"rendered":"http:\/\/viacaofortaleza.com.br\/?p=5217"},"modified":"2019-10-04T08:42:51","modified_gmt":"2019-10-04T11:42:51","slug":"dia-do-medico-do-trabalho-2","status":"publish","type":"post","link":"http:\/\/viacaofortaleza.com.br\/index.php\/2019\/10\/04\/dia-do-medico-do-trabalho-2\/","title":{"rendered":"Dia do M\u00e9dico do Trabalho\u00a0"},"content":{"rendered":"<p>Cuidar de pessoas n\u00e3o \u00e9 s\u00f3 uma profiss\u00e3o, \u00e9 uma miss\u00e3o.&nbsp;<\/p>\n<div>&nbsp;<\/div>\n<div>A Via\u00e7\u00e3o Fortaleza parabeniza todos os m\u00e9dicos do trabalho&nbsp;pelo seu dia e, em especial, ao Dr. Paulo Roberto Sindeaux,<\/p>\n<div>&nbsp;<\/div>\n<p>pela dedica\u00e7\u00e3o e cuidados di\u00e1rios com todos os nossos colaboradores,&nbsp;nossa gratid\u00e3o!<\/p>\n<div>&nbsp;<\/div>\n<p>04 de Outubro &#8211;&nbsp;Dia do M\u00e9dico do Trabalho&nbsp;<\/p><\/div>\n<div>&nbsp;<\/div>\n<div>#diadom\u00e9dico #cuidado #dedica\u00e7\u00e3o<\/div>\n","protected":false},"excerpt":{"rendered":"<p>Cuidar de pessoas n\u00e3o \u00e9 s\u00f3 uma profiss\u00e3o, \u00e9 uma miss\u00e3o.&nbsp; &nbsp; A Via\u00e7\u00e3o Fortaleza parabeniza todos os m\u00e9dicos do trabalho&nbsp;pelo seu dia e, em especial, ao Dr. Paulo Roberto Sindeaux, &nbsp; pela dedica\u00e7\u00e3o e cuidados di\u00e1rios com todos os nossos colaboradores,&nbsp;nossa gratid\u00e3o! &nbsp; 04 de Outubro &#8211;&nbsp;Dia do M\u00e9dico do Trabalho&nbsp; &nbsp; #diadom\u00e9dico #cuidado&hellip; <br \/> <a class=\"read-more\" href=\"http:\/\/viacaofortaleza.com.br\/index.php\/2019\/10\/04\/dia-do-medico-do-trabalho-2\/\">Leia mais<\/a><\/p>\n","protected":false},"author":1,"featured_media":5221,"comment_status":"open","ping_status":"open","sticky":false,"template":"","format":"standard","meta":{"_mi_skip_tracking":false,"_monsterinsights_sitenote_active":false,"_monsterinsights_sitenote_note":"","_monsterinsights_sitenote_category":0,"ngg_post_thumbnail":0},"categories":[3],"tags":[120],"_links":{"self":[{"href":"http:\/\/viacaofortaleza.com.br\/index.php\/wp-json\/wp\/v2\/posts\/5217"}],"collection":[{"href":"http:\/\/viacaofortaleza.com.br\/index.php\/wp-json\/wp\/v2\/posts"}],"about":[{"href":"http:\/\/viacaofortaleza.com.br\/index.php\/wp-json\/wp\/v2\/types\/post"}],"author":[{"embeddable":true,"href":"http:\/\/viacaofortaleza.com.br\/index.php\/wp-json\/wp\/v2\/users\/1"}],"replies":[{"embeddable":true,"href":"http:\/\/viacaofortaleza.com.br\/index.php\/wp-json\/wp\/v2\/comments?post=5217"}],"version-history":[{"count":1,"href":"http:\/\/viacaofortaleza.com.br\/index.php\/wp-json\/wp\/v2\/posts\/5217\/revisions"}],"predecessor-version":[{"id":5222,"href":"http:\/\/viacaofortaleza.com.br\/index.php\/wp-json\/wp\/v2\/posts\/5217\/revisions\/5222"}],"wp:featuredmedia":[{"embeddable":true,"href":"http:\/\/viacaofortaleza.com.br\/index.php\/wp-json\/wp\/v2\/media\/5221"}],"wp:attachment":[{"href":"http:\/\/viacaofortaleza.com.br\/index.php\/wp-json\/wp\/v2\/media?parent=5217"}],"wp:term":[{"taxonomy":"category","embeddable":true,"href":"http:\/\/viacaofortaleza.com.br\/index.php\/wp-json\/wp\/v2\/categories?post=5217"},{"taxonomy":"post_tag","embeddable":true,"href":"http:\/\/viacaofortaleza.com.br\/index.php\/wp-json\/wp\/v2\/tags?post=5217"}],"curies":[{"name":"wp","href":"https:\/\/api.w.org\/{rel}","templated":true}]}}