{"id":5292,"date":"2019-10-11T16:07:10","date_gmt":"2019-10-11T19:07:10","guid":{"rendered":"http:\/\/viacaofortaleza.com.br\/?p=5292"},"modified":"2019-10-11T16:07:10","modified_gmt":"2019-10-11T19:07:10","slug":"amigo-da-crianca-dia-das-criancas","status":"publish","type":"post","link":"http:\/\/viacaofortaleza.com.br\/index.php\/2019\/10\/11\/amigo-da-crianca-dia-das-criancas\/","title":{"rendered":"Amigo da Crian\u00e7a &#8211; Dia das Crian\u00e7as"},"content":{"rendered":"<p>A Via\u00e7\u00e3o Fortaleza colocou em pr\u00e1tica, mais uma vez, o projeto Amigo da Crian\u00e7a, fazendo um visita super especial \u00e0s crian\u00e7as da Associa\u00e7\u00e3o Comunit\u00e1ria Cantinho Feliz, no Tancredo Neves, e levando alguns presente para a sua festinha em comemora\u00e7\u00e3o \u00e0 este dia!<\/p>\n<div>&nbsp;<\/div>\n<div>Temos orgulho de participar de momentos como este, onde presenciamos a\u00e7\u00f5es de cidadania como o amor ao pr\u00f3ximo, a empatia e o respeito \u00e0 todos.&nbsp;<\/div>\n<div>&nbsp;<\/div>\n<div>Via\u00e7\u00e3o Fortaleza<br \/>\nH\u00e1 67 anos, construindo a nossa fortaleza de todos os dias.<\/div>\n<div>&nbsp;<\/div>\n<div>#diadascrian\u00e7as #amigodacrian\u00e7a&nbsp;<\/div>\n<div>&nbsp;<\/div>\n","protected":false},"excerpt":{"rendered":"<p>A Via\u00e7\u00e3o Fortaleza colocou em pr\u00e1tica, mais uma vez, o projeto Amigo da Crian\u00e7a, fazendo um visita super especial \u00e0s crian\u00e7as da Associa\u00e7\u00e3o Comunit\u00e1ria Cantinho Feliz, no Tancredo Neves, e levando alguns presente para a sua festinha em comemora\u00e7\u00e3o \u00e0 este dia! &nbsp; Temos orgulho de participar de momentos como este, onde presenciamos a\u00e7\u00f5es de&hellip; <br \/> <a class=\"read-more\" href=\"http:\/\/viacaofortaleza.com.br\/index.php\/2019\/10\/11\/amigo-da-crianca-dia-das-criancas\/\">Leia mais<\/a><\/p>\n","protected":false},"author":1,"featured_media":5293,"comment_status":"open","ping_status":"open","sticky":false,"template":"","format":"standard","meta":{"_mi_skip_tracking":false,"_monsterinsights_sitenote_active":false,"_monsterinsights_sitenote_note":"","_monsterinsights_sitenote_category":0,"ngg_post_thumbnail":0},"categories":[11,3],"tags":[503],"_links":{"self":[{"href":"http:\/\/viacaofortaleza.com.br\/index.php\/wp-json\/wp\/v2\/posts\/5292"}],"collection":[{"href":"http:\/\/viacaofortaleza.com.br\/index.php\/wp-json\/wp\/v2\/posts"}],"about":[{"href":"http:\/\/viacaofortaleza.com.br\/index.php\/wp-json\/wp\/v2\/types\/post"}],"author":[{"embeddable":true,"href":"http:\/\/viacaofortaleza.com.br\/index.php\/wp-json\/wp\/v2\/users\/1"}],"replies":[{"embeddable":true,"href":"http:\/\/viacaofortaleza.com.br\/index.php\/wp-json\/wp\/v2\/comments?post=5292"}],"version-history":[{"count":1,"href":"http:\/\/viacaofortaleza.com.br\/index.php\/wp-json\/wp\/v2\/posts\/5292\/revisions"}],"predecessor-version":[{"id":5294,"href":"http:\/\/viacaofortaleza.com.br\/index.php\/wp-json\/wp\/v2\/posts\/5292\/revisions\/5294"}],"wp:featuredmedia":[{"embeddable":true,"href":"http:\/\/viacaofortaleza.com.br\/index.php\/wp-json\/wp\/v2\/media\/5293"}],"wp:attachment":[{"href":"http:\/\/viacaofortaleza.com.br\/index.php\/wp-json\/wp\/v2\/media?parent=5292"}],"wp:term":[{"taxonomy":"category","embeddable":true,"href":"http:\/\/viacaofortaleza.com.br\/index.php\/wp-json\/wp\/v2\/categories?post=5292"},{"taxonomy":"post_tag","embeddable":true,"href":"http:\/\/viacaofortaleza.com.br\/index.php\/wp-json\/wp\/v2\/tags?post=5292"}],"curies":[{"name":"wp","href":"https:\/\/api.w.org\/{rel}","templated":true}]}}