{"id":5323,"date":"2019-10-19T07:00:10","date_gmt":"2019-10-19T10:00:10","guid":{"rendered":"http:\/\/viacaofortaleza.com.br\/?p=5323"},"modified":"2019-10-28T16:24:35","modified_gmt":"2019-10-28T19:24:35","slug":"dia-do-profissional-de-informatica-2","status":"publish","type":"post","link":"http:\/\/viacaofortaleza.com.br\/index.php\/2019\/10\/19\/dia-do-profissional-de-informatica-2\/","title":{"rendered":"Dia do Profissional de Inform\u00e1tica"},"content":{"rendered":"<p>Quem \u00e9 apaixonado por tecnologia n\u00e3o desconecta nunca!<\/p>\n<div>&nbsp;<\/div>\n<p>Nossos parab\u00e9ns aos profissionais de Inform\u00e1tica pelo seu dia e,&nbsp;em especial \u00e0 voc\u00eas, Paulo Tiago, Airton Brasilino e J\u00fanior, por&nbsp;desempenharem seu papel com muita dedica\u00e7\u00e3o.<\/p>\n<div>&nbsp;<\/div>\n<p>19 de Outubro &#8211; Dia do Profissional de Inform\u00e1tica<\/p>\n<div>&nbsp;<\/div>\n<p>#inform\u00e1tica #conectados<\/p>\n","protected":false},"excerpt":{"rendered":"<p>Quem \u00e9 apaixonado por tecnologia n\u00e3o desconecta nunca! &nbsp; Nossos parab\u00e9ns aos profissionais de Inform\u00e1tica pelo seu dia e,&nbsp;em especial \u00e0 voc\u00eas, Paulo Tiago, Airton Brasilino e J\u00fanior, por&nbsp;desempenharem seu papel com muita dedica\u00e7\u00e3o. &nbsp; 19 de Outubro &#8211; Dia do Profissional de Inform\u00e1tica &nbsp; #inform\u00e1tica #conectados<\/p>\n","protected":false},"author":1,"featured_media":5324,"comment_status":"open","ping_status":"open","sticky":false,"template":"","format":"standard","meta":{"_mi_skip_tracking":false,"_monsterinsights_sitenote_active":false,"_monsterinsights_sitenote_note":"","_monsterinsights_sitenote_category":0,"ngg_post_thumbnail":0},"categories":[3],"tags":[138],"_links":{"self":[{"href":"http:\/\/viacaofortaleza.com.br\/index.php\/wp-json\/wp\/v2\/posts\/5323"}],"collection":[{"href":"http:\/\/viacaofortaleza.com.br\/index.php\/wp-json\/wp\/v2\/posts"}],"about":[{"href":"http:\/\/viacaofortaleza.com.br\/index.php\/wp-json\/wp\/v2\/types\/post"}],"author":[{"embeddable":true,"href":"http:\/\/viacaofortaleza.com.br\/index.php\/wp-json\/wp\/v2\/users\/1"}],"replies":[{"embeddable":true,"href":"http:\/\/viacaofortaleza.com.br\/index.php\/wp-json\/wp\/v2\/comments?post=5323"}],"version-history":[{"count":1,"href":"http:\/\/viacaofortaleza.com.br\/index.php\/wp-json\/wp\/v2\/posts\/5323\/revisions"}],"predecessor-version":[{"id":5325,"href":"http:\/\/viacaofortaleza.com.br\/index.php\/wp-json\/wp\/v2\/posts\/5323\/revisions\/5325"}],"wp:featuredmedia":[{"embeddable":true,"href":"http:\/\/viacaofortaleza.com.br\/index.php\/wp-json\/wp\/v2\/media\/5324"}],"wp:attachment":[{"href":"http:\/\/viacaofortaleza.com.br\/index.php\/wp-json\/wp\/v2\/media?parent=5323"}],"wp:term":[{"taxonomy":"category","embeddable":true,"href":"http:\/\/viacaofortaleza.com.br\/index.php\/wp-json\/wp\/v2\/categories?post=5323"},{"taxonomy":"post_tag","embeddable":true,"href":"http:\/\/viacaofortaleza.com.br\/index.php\/wp-json\/wp\/v2\/tags?post=5323"}],"curies":[{"name":"wp","href":"https:\/\/api.w.org\/{rel}","templated":true}]}}