{"id":5348,"date":"2019-10-24T09:32:30","date_gmt":"2019-10-24T12:32:30","guid":{"rendered":"http:\/\/viacaofortaleza.com.br\/?p=5348"},"modified":"2019-10-24T09:32:30","modified_gmt":"2019-10-24T12:32:30","slug":"curso-coletivo-de-passageiros-5","status":"publish","type":"post","link":"http:\/\/viacaofortaleza.com.br\/index.php\/2019\/10\/24\/curso-coletivo-de-passageiros-5\/","title":{"rendered":"Curso Coletivo de Passageiros"},"content":{"rendered":"<p>Formamos a 5\u00aa turma de condutores no Curso Especializado para Condutores de Ve\u00edculos de Transporte Coletivo de Passageiros, desta vez ministrado pelos monitores Jamilson Castro e Fco. Jos\u00e9 da Silva, do Sest Senat.<\/p>\n<div>&nbsp;<\/div>\n<p>Mais uma vez agradecemos ao Sest Senat e aos nosso colaboradores pela parceria de sempre.<\/p>\n<div>&nbsp;<\/div>\n<p>Via\u00e7\u00e3o Fortaleza<\/p>\n<p>H\u00e1 67 anos, construindo a nossa Fortaleza de todos os dias.<\/p>\n<div>&nbsp;<\/div>\n<p>#curso #coletivodepassageiros #sestsenat #qualifica\u00e7\u00e3o<\/p>\n","protected":false},"excerpt":{"rendered":"<p>Formamos a 5\u00aa turma de condutores no Curso Especializado para Condutores de Ve\u00edculos de Transporte Coletivo de Passageiros, desta vez ministrado pelos monitores Jamilson Castro e Fco. Jos\u00e9 da Silva, do Sest Senat. &nbsp; Mais uma vez agradecemos ao Sest Senat e aos nosso colaboradores pela parceria de sempre. &nbsp; Via\u00e7\u00e3o Fortaleza H\u00e1 67 anos,&hellip; <br \/> <a class=\"read-more\" href=\"http:\/\/viacaofortaleza.com.br\/index.php\/2019\/10\/24\/curso-coletivo-de-passageiros-5\/\">Leia mais<\/a><\/p>\n","protected":false},"author":1,"featured_media":5349,"comment_status":"open","ping_status":"open","sticky":false,"template":"","format":"standard","meta":{"_mi_skip_tracking":false,"_monsterinsights_sitenote_active":false,"_monsterinsights_sitenote_note":"","_monsterinsights_sitenote_category":0,"ngg_post_thumbnail":0},"categories":[136],"tags":[373],"_links":{"self":[{"href":"http:\/\/viacaofortaleza.com.br\/index.php\/wp-json\/wp\/v2\/posts\/5348"}],"collection":[{"href":"http:\/\/viacaofortaleza.com.br\/index.php\/wp-json\/wp\/v2\/posts"}],"about":[{"href":"http:\/\/viacaofortaleza.com.br\/index.php\/wp-json\/wp\/v2\/types\/post"}],"author":[{"embeddable":true,"href":"http:\/\/viacaofortaleza.com.br\/index.php\/wp-json\/wp\/v2\/users\/1"}],"replies":[{"embeddable":true,"href":"http:\/\/viacaofortaleza.com.br\/index.php\/wp-json\/wp\/v2\/comments?post=5348"}],"version-history":[{"count":1,"href":"http:\/\/viacaofortaleza.com.br\/index.php\/wp-json\/wp\/v2\/posts\/5348\/revisions"}],"predecessor-version":[{"id":5350,"href":"http:\/\/viacaofortaleza.com.br\/index.php\/wp-json\/wp\/v2\/posts\/5348\/revisions\/5350"}],"wp:featuredmedia":[{"embeddable":true,"href":"http:\/\/viacaofortaleza.com.br\/index.php\/wp-json\/wp\/v2\/media\/5349"}],"wp:attachment":[{"href":"http:\/\/viacaofortaleza.com.br\/index.php\/wp-json\/wp\/v2\/media?parent=5348"}],"wp:term":[{"taxonomy":"category","embeddable":true,"href":"http:\/\/viacaofortaleza.com.br\/index.php\/wp-json\/wp\/v2\/categories?post=5348"},{"taxonomy":"post_tag","embeddable":true,"href":"http:\/\/viacaofortaleza.com.br\/index.php\/wp-json\/wp\/v2\/tags?post=5348"}],"curies":[{"name":"wp","href":"https:\/\/api.w.org\/{rel}","templated":true}]}}