{"id":5478,"date":"2019-11-09T13:00:59","date_gmt":"2019-11-09T16:00:59","guid":{"rendered":"http:\/\/viacaofortaleza.com.br\/?p=5478"},"modified":"2019-11-01T10:22:06","modified_gmt":"2019-11-01T13:22:06","slug":"novembro-azul-quais-os-fatores-de-risco","status":"publish","type":"post","link":"http:\/\/viacaofortaleza.com.br\/index.php\/2019\/11\/09\/novembro-azul-quais-os-fatores-de-risco\/","title":{"rendered":"Novembro Azul &#8211; Quais os fatores de risco?"},"content":{"rendered":"<p><span style=\"color: #555555; font-family: Arial, 'Helvetica Neue', Helvetica, sans-serif; font-size: 14px; background-color: #ffffff;\">Novembro Azul<\/span><\/p>\n<div style=\"color: #555555; font-family: Arial, 'Helvetica Neue', Helvetica, sans-serif; font-size: 14px; background-color: #ffffff;\">&nbsp;<\/div>\n<div style=\"color: #555555; font-family: Arial, 'Helvetica Neue', Helvetica, sans-serif; font-size: 14px; background-color: #ffffff;\"><img class=\"emojioneemoji\" style=\"border: 0px; font-size: inherit; height: 3ex; width: auto; min-height: 20px; min-width: 20px; display: inline-block; margin: -0.2ex 0.15em 0.2ex; line-height: normal; vertical-align: middle; top: 0px;\" src=\"https:\/\/cdn.jsdelivr.net\/emojione\/assets\/4.0\/png\/32\/2611.png\" alt=\"\u2611\">Voc\u00ea sabe quais fatores podem aumentar as chances de ter c\u00e2ncer de pr\u00f3stata?<\/div>\n<div style=\"color: #555555; font-family: Arial, 'Helvetica Neue', Helvetica, sans-serif; font-size: 14px; background-color: #ffffff;\">A preven\u00e7\u00e3o \u00e9 o melhor caminho!<\/div>\n<div style=\"color: #555555; font-family: Arial, 'Helvetica Neue', Helvetica, sans-serif; font-size: 14px; background-color: #ffffff;\">&nbsp;<\/div>\n<div style=\"color: #555555; font-family: Arial, 'Helvetica Neue', Helvetica, sans-serif; font-size: 14px; background-color: #ffffff;\">\n<div>&nbsp;<\/div>\n<div>&nbsp;<\/div>\n<p>Se voc\u00ea tiver alguma pergunta manda pra gente! Drible o preconceito!<\/p>\n<\/div>\n<div style=\"color: #555555; font-family: Arial, 'Helvetica Neue', Helvetica, sans-serif; font-size: 14px; background-color: #ffffff;\">\n<div>&nbsp;<\/div>\n<div>&nbsp;<\/div>\n<p>#novembroazul #dribleopreconceito #fatoresderisco<\/p>\n<\/div>\n","protected":false},"excerpt":{"rendered":"<p>Novembro Azul &nbsp; Voc\u00ea sabe quais fatores podem aumentar as chances de ter c\u00e2ncer de pr\u00f3stata? A preven\u00e7\u00e3o \u00e9 o melhor caminho! &nbsp; &nbsp; &nbsp; Se voc\u00ea tiver alguma pergunta manda pra gente! Drible o preconceito! &nbsp; &nbsp; #novembroazul #dribleopreconceito #fatoresderisco<\/p>\n","protected":false},"author":1,"featured_media":5479,"comment_status":"open","ping_status":"open","sticky":false,"template":"","format":"standard","meta":{"_mi_skip_tracking":false,"_monsterinsights_sitenote_active":false,"_monsterinsights_sitenote_note":"","_monsterinsights_sitenote_category":0,"ngg_post_thumbnail":0},"categories":[12],"tags":[520,521],"_links":{"self":[{"href":"http:\/\/viacaofortaleza.com.br\/index.php\/wp-json\/wp\/v2\/posts\/5478"}],"collection":[{"href":"http:\/\/viacaofortaleza.com.br\/index.php\/wp-json\/wp\/v2\/posts"}],"about":[{"href":"http:\/\/viacaofortaleza.com.br\/index.php\/wp-json\/wp\/v2\/types\/post"}],"author":[{"embeddable":true,"href":"http:\/\/viacaofortaleza.com.br\/index.php\/wp-json\/wp\/v2\/users\/1"}],"replies":[{"embeddable":true,"href":"http:\/\/viacaofortaleza.com.br\/index.php\/wp-json\/wp\/v2\/comments?post=5478"}],"version-history":[{"count":2,"href":"http:\/\/viacaofortaleza.com.br\/index.php\/wp-json\/wp\/v2\/posts\/5478\/revisions"}],"predecessor-version":[{"id":5497,"href":"http:\/\/viacaofortaleza.com.br\/index.php\/wp-json\/wp\/v2\/posts\/5478\/revisions\/5497"}],"wp:featuredmedia":[{"embeddable":true,"href":"http:\/\/viacaofortaleza.com.br\/index.php\/wp-json\/wp\/v2\/media\/5479"}],"wp:attachment":[{"href":"http:\/\/viacaofortaleza.com.br\/index.php\/wp-json\/wp\/v2\/media?parent=5478"}],"wp:term":[{"taxonomy":"category","embeddable":true,"href":"http:\/\/viacaofortaleza.com.br\/index.php\/wp-json\/wp\/v2\/categories?post=5478"},{"taxonomy":"post_tag","embeddable":true,"href":"http:\/\/viacaofortaleza.com.br\/index.php\/wp-json\/wp\/v2\/tags?post=5478"}],"curies":[{"name":"wp","href":"https:\/\/api.w.org\/{rel}","templated":true}]}}