{"id":5534,"date":"2019-11-08T11:00:04","date_gmt":"2019-11-08T14:00:04","guid":{"rendered":"http:\/\/viacaofortaleza.com.br\/?p=5534"},"modified":"2019-11-08T10:42:26","modified_gmt":"2019-11-08T13:42:26","slug":"curso-coletivo-de-passageiros-6","status":"publish","type":"post","link":"http:\/\/viacaofortaleza.com.br\/index.php\/2019\/11\/08\/curso-coletivo-de-passageiros-6\/","title":{"rendered":"Curso Coletivo de Passageiros"},"content":{"rendered":"<p>A 6\u00aa turma do Curso Especializado para Condutores de Ve\u00edculos de Transporte Coletivo de Passageiros j\u00e1 est\u00e1 apta!&nbsp;<\/p>\n<div>Desta vez contamos com o instrutor Fco. Jos\u00e9 da Silva, do Sest Senat, para a aplica\u00e7\u00e3o do curso.<\/p>\n<div>&nbsp;<\/div>\n<p>\u2800<br \/>\nAgradecemos ao Sest Senat e aos nossos colaboradores pela parceria de sempre.<\/p>\n<div>&nbsp;<\/div>\n<div>&nbsp;<\/div>\n<p>Via\u00e7\u00e3o Fortaleza<br \/>\nH\u00e1 67 anos, construindo a nossa Fortaleza de todos os dias.<\/p>\n<div>&nbsp;<\/div>\n<p>#curso #coletivodepassageiros #sestsenat #qualifica\u00e7\u00e3o<\/p><\/div>\n","protected":false},"excerpt":{"rendered":"<p>A 6\u00aa turma do Curso Especializado para Condutores de Ve\u00edculos de Transporte Coletivo de Passageiros j\u00e1 est\u00e1 apta!&nbsp; Desta vez contamos com o instrutor Fco. Jos\u00e9 da Silva, do Sest Senat, para a aplica\u00e7\u00e3o do curso. &nbsp; \u2800 Agradecemos ao Sest Senat e aos nossos colaboradores pela parceria de sempre. &nbsp; &nbsp; Via\u00e7\u00e3o Fortaleza H\u00e1&hellip; <br \/> <a class=\"read-more\" href=\"http:\/\/viacaofortaleza.com.br\/index.php\/2019\/11\/08\/curso-coletivo-de-passageiros-6\/\">Leia mais<\/a><\/p>\n","protected":false},"author":1,"featured_media":5535,"comment_status":"open","ping_status":"open","sticky":false,"template":"","format":"standard","meta":{"_mi_skip_tracking":false,"_monsterinsights_sitenote_active":false,"_monsterinsights_sitenote_note":"","_monsterinsights_sitenote_category":0,"ngg_post_thumbnail":0},"categories":[136],"tags":[373],"_links":{"self":[{"href":"http:\/\/viacaofortaleza.com.br\/index.php\/wp-json\/wp\/v2\/posts\/5534"}],"collection":[{"href":"http:\/\/viacaofortaleza.com.br\/index.php\/wp-json\/wp\/v2\/posts"}],"about":[{"href":"http:\/\/viacaofortaleza.com.br\/index.php\/wp-json\/wp\/v2\/types\/post"}],"author":[{"embeddable":true,"href":"http:\/\/viacaofortaleza.com.br\/index.php\/wp-json\/wp\/v2\/users\/1"}],"replies":[{"embeddable":true,"href":"http:\/\/viacaofortaleza.com.br\/index.php\/wp-json\/wp\/v2\/comments?post=5534"}],"version-history":[{"count":1,"href":"http:\/\/viacaofortaleza.com.br\/index.php\/wp-json\/wp\/v2\/posts\/5534\/revisions"}],"predecessor-version":[{"id":5536,"href":"http:\/\/viacaofortaleza.com.br\/index.php\/wp-json\/wp\/v2\/posts\/5534\/revisions\/5536"}],"wp:featuredmedia":[{"embeddable":true,"href":"http:\/\/viacaofortaleza.com.br\/index.php\/wp-json\/wp\/v2\/media\/5535"}],"wp:attachment":[{"href":"http:\/\/viacaofortaleza.com.br\/index.php\/wp-json\/wp\/v2\/media?parent=5534"}],"wp:term":[{"taxonomy":"category","embeddable":true,"href":"http:\/\/viacaofortaleza.com.br\/index.php\/wp-json\/wp\/v2\/categories?post=5534"},{"taxonomy":"post_tag","embeddable":true,"href":"http:\/\/viacaofortaleza.com.br\/index.php\/wp-json\/wp\/v2\/tags?post=5534"}],"curies":[{"name":"wp","href":"https:\/\/api.w.org\/{rel}","templated":true}]}}