{"id":5599,"date":"2019-11-27T16:41:53","date_gmt":"2019-11-27T19:41:53","guid":{"rendered":"http:\/\/viacaofortaleza.com.br\/?p=5599"},"modified":"2019-11-27T16:41:53","modified_gmt":"2019-11-27T19:41:53","slug":"novembro-azul-bate-papo-saude-do-homem","status":"publish","type":"post","link":"http:\/\/viacaofortaleza.com.br\/index.php\/2019\/11\/27\/novembro-azul-bate-papo-saude-do-homem\/","title":{"rendered":"Novembro Azul &#8211; Bate-papo Sa\u00fade do Homem"},"content":{"rendered":"<p><img class=\"emojioneemoji\" style=\"border: 0px; font-size: 14px; height: 9px; width: 9px; min-height: 20px; min-width: 20px; display: inline-block; margin: -0.2ex 0.15em 0.2ex; line-height: normal; vertical-align: middle; top: 0px; color: #555555; font-family: Arial, 'Helvetica Neue', Helvetica, sans-serif; background-color: #ffffff;\" src=\"https:\/\/cdn.jsdelivr.net\/emojione\/assets\/4.0\/png\/32\/2611.png\" alt=\"\u2611\"><span style=\"color: #555555; font-family: Arial, 'Helvetica Neue', Helvetica, sans-serif; font-size: 14px; background-color: #ffffff;\">Novembro Azul<\/span><\/p>\n<div style=\"color: #555555; font-family: Arial, 'Helvetica Neue', Helvetica, sans-serif; font-size: 14px; background-color: #ffffff;\">&nbsp;<\/div>\n<div style=\"color: #555555; font-family: Arial, 'Helvetica Neue', Helvetica, sans-serif; font-size: 14px; background-color: #ffffff;\">Nessa \u00faltima sexta-feira, realizamos um bate-papo especial sobre a sa\u00fade do homem.<\/div>\n<div style=\"color: #555555; font-family: Arial, 'Helvetica Neue', Helvetica, sans-serif; font-size: 14px; background-color: #ffffff;\">&nbsp;<\/div>\n<div style=\"color: #555555; font-family: Arial, 'Helvetica Neue', Helvetica, sans-serif; font-size: 14px; background-color: #ffffff;\">Convidamos nossos colaboradores para um momento de conscientiza\u00e7\u00e3o e aprendizado com o nosso m\u00e9dico do trabalho, Dr Paulo Sindeaux. Que realizou&nbsp;<span style=\"background-color: transparent; font-size: inherit;\">uma din\u00e2mica de perguntas e respostas super divertida!<\/span><\/div>\n<div style=\"color: #555555; font-family: Arial, 'Helvetica Neue', Helvetica, sans-serif; font-size: 14px; background-color: #ffffff;\">&nbsp;<\/div>\n<div style=\"color: #555555; font-family: Arial, 'Helvetica Neue', Helvetica, sans-serif; font-size: 14px; background-color: #ffffff;\">Entendemos que a conscientiza\u00e7\u00e3o \u00e9 o melhor meio de mudar uma cultura, por isso levantamos a bandeira do N\u00c3O AO PRECONCEITO.<\/div>\n<div style=\"color: #555555; font-family: Arial, 'Helvetica Neue', Helvetica, sans-serif; font-size: 14px; background-color: #ffffff;\">&nbsp;<\/div>\n<div style=\"color: #555555; font-family: Arial, 'Helvetica Neue', Helvetica, sans-serif; font-size: 14px; background-color: #ffffff;\"><span style=\"background-color: transparent; font-size: inherit;\">#novembroazul #conscientiza\u00e7\u00e3o #bate-papo #preconceiton\u00e3o<\/span><\/div>\n","protected":false},"excerpt":{"rendered":"<p>Novembro Azul &nbsp; Nessa \u00faltima sexta-feira, realizamos um bate-papo especial sobre a sa\u00fade do homem. &nbsp; Convidamos nossos colaboradores para um momento de conscientiza\u00e7\u00e3o e aprendizado com o nosso m\u00e9dico do trabalho, Dr Paulo Sindeaux. Que realizou&nbsp;uma din\u00e2mica de perguntas e respostas super divertida! &nbsp; Entendemos que a conscientiza\u00e7\u00e3o \u00e9 o melhor meio de mudar&hellip; <br \/> <a class=\"read-more\" href=\"http:\/\/viacaofortaleza.com.br\/index.php\/2019\/11\/27\/novembro-azul-bate-papo-saude-do-homem\/\">Leia mais<\/a><\/p>\n","protected":false},"author":1,"featured_media":5601,"comment_status":"open","ping_status":"open","sticky":false,"template":"","format":"standard","meta":{"_mi_skip_tracking":false,"_monsterinsights_sitenote_active":false,"_monsterinsights_sitenote_note":"","_monsterinsights_sitenote_category":0,"ngg_post_thumbnail":0},"categories":[12],"tags":[537],"_links":{"self":[{"href":"http:\/\/viacaofortaleza.com.br\/index.php\/wp-json\/wp\/v2\/posts\/5599"}],"collection":[{"href":"http:\/\/viacaofortaleza.com.br\/index.php\/wp-json\/wp\/v2\/posts"}],"about":[{"href":"http:\/\/viacaofortaleza.com.br\/index.php\/wp-json\/wp\/v2\/types\/post"}],"author":[{"embeddable":true,"href":"http:\/\/viacaofortaleza.com.br\/index.php\/wp-json\/wp\/v2\/users\/1"}],"replies":[{"embeddable":true,"href":"http:\/\/viacaofortaleza.com.br\/index.php\/wp-json\/wp\/v2\/comments?post=5599"}],"version-history":[{"count":1,"href":"http:\/\/viacaofortaleza.com.br\/index.php\/wp-json\/wp\/v2\/posts\/5599\/revisions"}],"predecessor-version":[{"id":5602,"href":"http:\/\/viacaofortaleza.com.br\/index.php\/wp-json\/wp\/v2\/posts\/5599\/revisions\/5602"}],"wp:featuredmedia":[{"embeddable":true,"href":"http:\/\/viacaofortaleza.com.br\/index.php\/wp-json\/wp\/v2\/media\/5601"}],"wp:attachment":[{"href":"http:\/\/viacaofortaleza.com.br\/index.php\/wp-json\/wp\/v2\/media?parent=5599"}],"wp:term":[{"taxonomy":"category","embeddable":true,"href":"http:\/\/viacaofortaleza.com.br\/index.php\/wp-json\/wp\/v2\/categories?post=5599"},{"taxonomy":"post_tag","embeddable":true,"href":"http:\/\/viacaofortaleza.com.br\/index.php\/wp-json\/wp\/v2\/tags?post=5599"}],"curies":[{"name":"wp","href":"https:\/\/api.w.org\/{rel}","templated":true}]}}