{"id":5679,"date":"2019-12-03T13:00:28","date_gmt":"2019-12-03T16:00:28","guid":{"rendered":"http:\/\/viacaofortaleza.com.br\/?p=5679"},"modified":"2019-12-03T09:59:10","modified_gmt":"2019-12-03T12:59:10","slug":"curso-coletivo-de-passageiros-7","status":"publish","type":"post","link":"http:\/\/viacaofortaleza.com.br\/index.php\/2019\/12\/03\/curso-coletivo-de-passageiros-7\/","title":{"rendered":"Curso Coletivo de Passageiros"},"content":{"rendered":"<p>Encerramos o ano com a aprova\u00e7\u00e3o da nossa 7\u00aa turma do Curso Especializado para Condutores de Ve\u00edculos de Transporte Coletivo de Passageiros de 2019!<\/p>\n<div>Desta vez contamos com o professor&nbsp;Jos\u00e9 Jamison, do Sest Senat, para a aplica\u00e7\u00e3o do curso.<\/p>\n<div>&nbsp;<\/div>\n<p>Agradecemos ao Sest Senat e aos nossos colaboradores pela parceria de sempre.<\/p>\n<div>&nbsp;<\/div>\n<p>Via\u00e7\u00e3o Fortaleza<br \/>\nH\u00e1 67 anos, construindo a nossa Fortaleza de todos os dias.\u2800<\/p>\n<div>&nbsp;<\/div>\n<p>#curso #coletivodepassageiros #sestsenat #qualifica\u00e7\u00e3o<\/p><\/div>\n","protected":false},"excerpt":{"rendered":"<p>Encerramos o ano com a aprova\u00e7\u00e3o da nossa 7\u00aa turma do Curso Especializado para Condutores de Ve\u00edculos de Transporte Coletivo de Passageiros de 2019! Desta vez contamos com o professor&nbsp;Jos\u00e9 Jamison, do Sest Senat, para a aplica\u00e7\u00e3o do curso. &nbsp; Agradecemos ao Sest Senat e aos nossos colaboradores pela parceria de sempre. &nbsp; Via\u00e7\u00e3o Fortaleza&hellip; <br \/> <a class=\"read-more\" href=\"http:\/\/viacaofortaleza.com.br\/index.php\/2019\/12\/03\/curso-coletivo-de-passageiros-7\/\">Leia mais<\/a><\/p>\n","protected":false},"author":1,"featured_media":5680,"comment_status":"open","ping_status":"open","sticky":false,"template":"","format":"standard","meta":{"_mi_skip_tracking":false,"_monsterinsights_sitenote_active":false,"_monsterinsights_sitenote_note":"","_monsterinsights_sitenote_category":0,"ngg_post_thumbnail":0},"categories":[136],"tags":[373],"_links":{"self":[{"href":"http:\/\/viacaofortaleza.com.br\/index.php\/wp-json\/wp\/v2\/posts\/5679"}],"collection":[{"href":"http:\/\/viacaofortaleza.com.br\/index.php\/wp-json\/wp\/v2\/posts"}],"about":[{"href":"http:\/\/viacaofortaleza.com.br\/index.php\/wp-json\/wp\/v2\/types\/post"}],"author":[{"embeddable":true,"href":"http:\/\/viacaofortaleza.com.br\/index.php\/wp-json\/wp\/v2\/users\/1"}],"replies":[{"embeddable":true,"href":"http:\/\/viacaofortaleza.com.br\/index.php\/wp-json\/wp\/v2\/comments?post=5679"}],"version-history":[{"count":1,"href":"http:\/\/viacaofortaleza.com.br\/index.php\/wp-json\/wp\/v2\/posts\/5679\/revisions"}],"predecessor-version":[{"id":5681,"href":"http:\/\/viacaofortaleza.com.br\/index.php\/wp-json\/wp\/v2\/posts\/5679\/revisions\/5681"}],"wp:featuredmedia":[{"embeddable":true,"href":"http:\/\/viacaofortaleza.com.br\/index.php\/wp-json\/wp\/v2\/media\/5680"}],"wp:attachment":[{"href":"http:\/\/viacaofortaleza.com.br\/index.php\/wp-json\/wp\/v2\/media?parent=5679"}],"wp:term":[{"taxonomy":"category","embeddable":true,"href":"http:\/\/viacaofortaleza.com.br\/index.php\/wp-json\/wp\/v2\/categories?post=5679"},{"taxonomy":"post_tag","embeddable":true,"href":"http:\/\/viacaofortaleza.com.br\/index.php\/wp-json\/wp\/v2\/tags?post=5679"}],"curies":[{"name":"wp","href":"https:\/\/api.w.org\/{rel}","templated":true}]}}