{"id":5682,"date":"2019-12-03T15:00:55","date_gmt":"2019-12-03T18:00:55","guid":{"rendered":"http:\/\/viacaofortaleza.com.br\/?p=5682"},"modified":"2019-12-03T10:46:55","modified_gmt":"2019-12-03T13:46:55","slug":"cipa-comissao-interna-de-prevencao-de-acidentes-gestao-2019-2020","status":"publish","type":"post","link":"http:\/\/viacaofortaleza.com.br\/index.php\/2019\/12\/03\/cipa-comissao-interna-de-prevencao-de-acidentes-gestao-2019-2020\/","title":{"rendered":"CIPA &#8211; Comiss\u00e3o Interna\u00a0de Preven\u00e7\u00e3o de Acidentes &#8211; Gest\u00e3o 2019\/2020"},"content":{"rendered":"<p>Durante essa \u00faltima semana, realizamos o treinamento para&nbsp;os novos componentes da CIPA &#8211; Comiss\u00e3o Interna&nbsp;de Preven\u00e7\u00e3o de Acidentes, da gest\u00e3o 2019\/2020.<\/p>\n<div>&nbsp;<\/div>\n<div>Foram abordados temas como uso de EPI&#8217;s, EPC&#8217;s e Extintores, Inspe\u00e7\u00e3o de seguran\u00e7a, Mapas de risco e Programas de preven\u00e7\u00e3o ambiental e de controle m\u00e9dico de sa\u00fade ocupacional, com o nosso Engenheiro de Seguran\u00e7a do Trabalho, Maur\u00edcio Oliveira.<\/div>\n<div>&nbsp;<\/div>\n<div>E tamb\u00e9m o m\u00f3dulo de Primeiros socorros com a nossa T\u00e9cnica em Enfermagem, Everlene Martins.<\/div>\n<div>&nbsp;<\/div>\n<div>Agradecemos a participa\u00e7\u00e3o de todos os Cipeiros, colaboradores que sempre buscam dar o melhor de si pela seguran\u00e7a e preven\u00e7\u00e3o de acidentes.<\/div>\n<div>&nbsp;<\/div>\n<div>#cipa #2019\/2020 #cipeiros #seguran\u00e7anotrabalho<\/div>\n<div>&nbsp;<\/div>\n<div>&nbsp;<\/div>\n<div>&nbsp;<\/div>\n<div>&nbsp;<\/div>\n<div>&nbsp;<\/div>\n","protected":false},"excerpt":{"rendered":"<p>Durante essa \u00faltima semana, realizamos o treinamento para&nbsp;os novos componentes da CIPA &#8211; Comiss\u00e3o Interna&nbsp;de Preven\u00e7\u00e3o de Acidentes, da gest\u00e3o 2019\/2020. &nbsp; Foram abordados temas como uso de EPI&#8217;s, EPC&#8217;s e Extintores, Inspe\u00e7\u00e3o de seguran\u00e7a, Mapas de risco e Programas de preven\u00e7\u00e3o ambiental e de controle m\u00e9dico de sa\u00fade ocupacional, com o nosso Engenheiro de&hellip; <br \/> <a class=\"read-more\" href=\"http:\/\/viacaofortaleza.com.br\/index.php\/2019\/12\/03\/cipa-comissao-interna-de-prevencao-de-acidentes-gestao-2019-2020\/\">Leia mais<\/a><\/p>\n","protected":false},"author":1,"featured_media":5683,"comment_status":"open","ping_status":"open","sticky":false,"template":"","format":"standard","meta":{"_mi_skip_tracking":false,"_monsterinsights_sitenote_active":false,"_monsterinsights_sitenote_note":"","_monsterinsights_sitenote_category":0,"ngg_post_thumbnail":0},"categories":[136],"tags":[542],"_links":{"self":[{"href":"http:\/\/viacaofortaleza.com.br\/index.php\/wp-json\/wp\/v2\/posts\/5682"}],"collection":[{"href":"http:\/\/viacaofortaleza.com.br\/index.php\/wp-json\/wp\/v2\/posts"}],"about":[{"href":"http:\/\/viacaofortaleza.com.br\/index.php\/wp-json\/wp\/v2\/types\/post"}],"author":[{"embeddable":true,"href":"http:\/\/viacaofortaleza.com.br\/index.php\/wp-json\/wp\/v2\/users\/1"}],"replies":[{"embeddable":true,"href":"http:\/\/viacaofortaleza.com.br\/index.php\/wp-json\/wp\/v2\/comments?post=5682"}],"version-history":[{"count":1,"href":"http:\/\/viacaofortaleza.com.br\/index.php\/wp-json\/wp\/v2\/posts\/5682\/revisions"}],"predecessor-version":[{"id":5684,"href":"http:\/\/viacaofortaleza.com.br\/index.php\/wp-json\/wp\/v2\/posts\/5682\/revisions\/5684"}],"wp:featuredmedia":[{"embeddable":true,"href":"http:\/\/viacaofortaleza.com.br\/index.php\/wp-json\/wp\/v2\/media\/5683"}],"wp:attachment":[{"href":"http:\/\/viacaofortaleza.com.br\/index.php\/wp-json\/wp\/v2\/media?parent=5682"}],"wp:term":[{"taxonomy":"category","embeddable":true,"href":"http:\/\/viacaofortaleza.com.br\/index.php\/wp-json\/wp\/v2\/categories?post=5682"},{"taxonomy":"post_tag","embeddable":true,"href":"http:\/\/viacaofortaleza.com.br\/index.php\/wp-json\/wp\/v2\/tags?post=5682"}],"curies":[{"name":"wp","href":"https:\/\/api.w.org\/{rel}","templated":true}]}}