{"id":5724,"date":"2019-12-09T11:00:42","date_gmt":"2019-12-09T14:00:42","guid":{"rendered":"http:\/\/viacaofortaleza.com.br\/?p=5724"},"modified":"2019-12-09T10:22:39","modified_gmt":"2019-12-09T13:22:39","slug":"natal-iluminado-sindionibus","status":"publish","type":"post","link":"http:\/\/viacaofortaleza.com.br\/index.php\/2019\/12\/09\/natal-iluminado-sindionibus\/","title":{"rendered":"NATAL ILUMINADO &#8211; SINDI\u00d4NIBUS"},"content":{"rendered":"<div>NATAL ILUMINADO &#8211; SINDI\u00d4NIBUS<img class=\"emojioneemoji\" src=\"https:\/\/cdn.jsdelivr.net\/emojione\/assets\/4.0\/png\/32\/1f385.png\" alt=\"?\"><\/div>\n<div>&nbsp;<\/div>\n<div>Em dezembro,&nbsp;uma caravana ir\u00e1 iluminar a cidade de Fortaleza!<\/div>\n<div>Voc\u00ea, colaborador, e seus familiares poder\u00e3o participar! Basta escolher o dia e se inscrever no RH.<\/div>\n<div>&nbsp;<\/div>\n<div>Nosso \u00f4nibus iluminado sair\u00e1 da garagem da empresa nos dias e hor\u00e1rios abaixo:<\/div>\n<div><img class=\"emojioneemoji\" src=\"https:\/\/cdn.jsdelivr.net\/emojione\/assets\/4.0\/png\/32\/1f4cc.png\" alt=\"?\">12\/12 &#8211; 17H &#8211; Destino: Terminal Conjunto Cear\u00e1,<\/div>\n<div><img class=\"emojioneemoji\" src=\"https:\/\/cdn.jsdelivr.net\/emojione\/assets\/4.0\/png\/32\/1f4cc.png\" alt=\"?\">13\/12 &#8211; 17:30H &#8211;&nbsp;Destino: Terminal Messejana, e&nbsp;<\/div>\n<div><img class=\"emojioneemoji\" src=\"https:\/\/cdn.jsdelivr.net\/emojione\/assets\/4.0\/png\/32\/1f4cc.png\" alt=\"?\">14\/12 &#8211; 17H&nbsp; &#8211;&nbsp;Destino: Terminal Ant\u00f4nio Bezerra.<\/div>\n<div>&nbsp;<\/div>\n<div>CONTAMOS COM SUA PARTICIPA\u00c7\u00c3O!<\/div>\n<div>&nbsp;<\/div>\n<div>&nbsp;<\/div>\n<p>A\u00e7\u00e3o: Natal Iluminado Sindi\u00f4nibus<\/p>\n<p>Apoio: AMC<\/p>\n","protected":false},"excerpt":{"rendered":"<p>NATAL ILUMINADO &#8211; SINDI\u00d4NIBUS &nbsp; Em dezembro,&nbsp;uma caravana ir\u00e1 iluminar a cidade de Fortaleza! Voc\u00ea, colaborador, e seus familiares poder\u00e3o participar! Basta escolher o dia e se inscrever no RH. &nbsp; Nosso \u00f4nibus iluminado sair\u00e1 da garagem da empresa nos dias e hor\u00e1rios abaixo: 12\/12 &#8211; 17H &#8211; Destino: Terminal Conjunto Cear\u00e1, 13\/12 &#8211; 17:30H&hellip; <br \/> <a class=\"read-more\" href=\"http:\/\/viacaofortaleza.com.br\/index.php\/2019\/12\/09\/natal-iluminado-sindionibus\/\">Leia mais<\/a><\/p>\n","protected":false},"author":1,"featured_media":5725,"comment_status":"open","ping_status":"open","sticky":false,"template":"","format":"standard","meta":{"_mi_skip_tracking":false,"_monsterinsights_sitenote_active":false,"_monsterinsights_sitenote_note":"","_monsterinsights_sitenote_category":0,"ngg_post_thumbnail":0},"categories":[12],"tags":[545],"_links":{"self":[{"href":"http:\/\/viacaofortaleza.com.br\/index.php\/wp-json\/wp\/v2\/posts\/5724"}],"collection":[{"href":"http:\/\/viacaofortaleza.com.br\/index.php\/wp-json\/wp\/v2\/posts"}],"about":[{"href":"http:\/\/viacaofortaleza.com.br\/index.php\/wp-json\/wp\/v2\/types\/post"}],"author":[{"embeddable":true,"href":"http:\/\/viacaofortaleza.com.br\/index.php\/wp-json\/wp\/v2\/users\/1"}],"replies":[{"embeddable":true,"href":"http:\/\/viacaofortaleza.com.br\/index.php\/wp-json\/wp\/v2\/comments?post=5724"}],"version-history":[{"count":1,"href":"http:\/\/viacaofortaleza.com.br\/index.php\/wp-json\/wp\/v2\/posts\/5724\/revisions"}],"predecessor-version":[{"id":5726,"href":"http:\/\/viacaofortaleza.com.br\/index.php\/wp-json\/wp\/v2\/posts\/5724\/revisions\/5726"}],"wp:featuredmedia":[{"embeddable":true,"href":"http:\/\/viacaofortaleza.com.br\/index.php\/wp-json\/wp\/v2\/media\/5725"}],"wp:attachment":[{"href":"http:\/\/viacaofortaleza.com.br\/index.php\/wp-json\/wp\/v2\/media?parent=5724"}],"wp:term":[{"taxonomy":"category","embeddable":true,"href":"http:\/\/viacaofortaleza.com.br\/index.php\/wp-json\/wp\/v2\/categories?post=5724"},{"taxonomy":"post_tag","embeddable":true,"href":"http:\/\/viacaofortaleza.com.br\/index.php\/wp-json\/wp\/v2\/tags?post=5724"}],"curies":[{"name":"wp","href":"https:\/\/api.w.org\/{rel}","templated":true}]}}