{"id":5736,"date":"2019-12-17T09:07:52","date_gmt":"2019-12-17T12:07:52","guid":{"rendered":"http:\/\/viacaofortaleza.com.br\/?p=5736"},"modified":"2019-12-17T09:07:52","modified_gmt":"2019-12-17T12:07:52","slug":"caravana-natal-iluminado","status":"publish","type":"post","link":"http:\/\/viacaofortaleza.com.br\/index.php\/2019\/12\/17\/caravana-natal-iluminado\/","title":{"rendered":"Caravana Natal Iluminado"},"content":{"rendered":"<p>A Caravana Natal Iluminado foi incr\u00edvel!&nbsp;<img class=\"emojioneemoji\" src=\"https:\/\/cdn.jsdelivr.net\/emojione\/assets\/4.0\/png\/32\/1f385.png\" alt=\"?\"><\/p>\n<p>Nesses 3 dias pudemos compartilhar alegria e iluminar a cidade de Fortaleza, levando gratid\u00e3o, carinho e muita esperan\u00e7a de um ano novo repleto de realiza\u00e7\u00f5es!<\/p>\n<div>&nbsp;<\/div>\n<div>&gt; VEJA MAIS FOTOS NO FACEBOOK!&nbsp;&nbsp;<\/p>\n<div>&nbsp;<\/div>\n<p>#nataliluminado Sindi\u00f4nibus #caravana<\/p>\n<div>&nbsp;<\/div>\n<\/div>\n","protected":false},"excerpt":{"rendered":"<p>A Caravana Natal Iluminado foi incr\u00edvel!&nbsp; Nesses 3 dias pudemos compartilhar alegria e iluminar a cidade de Fortaleza, levando gratid\u00e3o, carinho e muita esperan\u00e7a de um ano novo repleto de realiza\u00e7\u00f5es! &nbsp; &gt; VEJA MAIS FOTOS NO FACEBOOK!&nbsp;&nbsp; &nbsp; #nataliluminado Sindi\u00f4nibus #caravana &nbsp;<\/p>\n","protected":false},"author":1,"featured_media":5737,"comment_status":"open","ping_status":"open","sticky":false,"template":"","format":"standard","meta":{"_mi_skip_tracking":false,"_monsterinsights_sitenote_active":false,"_monsterinsights_sitenote_note":"","_monsterinsights_sitenote_category":0,"ngg_post_thumbnail":0},"categories":[12],"tags":[547],"_links":{"self":[{"href":"http:\/\/viacaofortaleza.com.br\/index.php\/wp-json\/wp\/v2\/posts\/5736"}],"collection":[{"href":"http:\/\/viacaofortaleza.com.br\/index.php\/wp-json\/wp\/v2\/posts"}],"about":[{"href":"http:\/\/viacaofortaleza.com.br\/index.php\/wp-json\/wp\/v2\/types\/post"}],"author":[{"embeddable":true,"href":"http:\/\/viacaofortaleza.com.br\/index.php\/wp-json\/wp\/v2\/users\/1"}],"replies":[{"embeddable":true,"href":"http:\/\/viacaofortaleza.com.br\/index.php\/wp-json\/wp\/v2\/comments?post=5736"}],"version-history":[{"count":1,"href":"http:\/\/viacaofortaleza.com.br\/index.php\/wp-json\/wp\/v2\/posts\/5736\/revisions"}],"predecessor-version":[{"id":5738,"href":"http:\/\/viacaofortaleza.com.br\/index.php\/wp-json\/wp\/v2\/posts\/5736\/revisions\/5738"}],"wp:featuredmedia":[{"embeddable":true,"href":"http:\/\/viacaofortaleza.com.br\/index.php\/wp-json\/wp\/v2\/media\/5737"}],"wp:attachment":[{"href":"http:\/\/viacaofortaleza.com.br\/index.php\/wp-json\/wp\/v2\/media?parent=5736"}],"wp:term":[{"taxonomy":"category","embeddable":true,"href":"http:\/\/viacaofortaleza.com.br\/index.php\/wp-json\/wp\/v2\/categories?post=5736"},{"taxonomy":"post_tag","embeddable":true,"href":"http:\/\/viacaofortaleza.com.br\/index.php\/wp-json\/wp\/v2\/tags?post=5736"}],"curies":[{"name":"wp","href":"https:\/\/api.w.org\/{rel}","templated":true}]}}