{"id":5756,"date":"2019-12-23T17:07:25","date_gmt":"2019-12-23T20:07:25","guid":{"rendered":"http:\/\/viacaofortaleza.com.br\/?p=5756"},"modified":"2019-12-23T17:07:25","modified_gmt":"2019-12-23T20:07:25","slug":"dia-do-profissional-da-manutencao-4","status":"publish","type":"post","link":"http:\/\/viacaofortaleza.com.br\/index.php\/2019\/12\/23\/dia-do-profissional-da-manutencao-4\/","title":{"rendered":"Dia do Profissional da Manuten\u00e7\u00e3o"},"content":{"rendered":"<p>Nessa \u00faltima sexta-feira, 20\/12, comemoramos o Dia do Profissional da Manuten\u00e7\u00e3o com uma confraterniza\u00e7\u00e3o linda com muita m\u00fasica, anima\u00e7\u00e3o, homenagens e sorteios!<\/p>\n<div>Um momento \u00fanico de parceria e integra\u00e7\u00e3o das equipes dos turnos dia e noite e de belas homenagens \u00e0 esses profissionais.&nbsp;<\/div>\n<div>&nbsp;<\/div>\n<div>Aproveitamos o momento para parabenizar os colaboradores que completaram em 2019, 5, 10, 15, 20 e 25 anos de dedica\u00e7\u00e3o pela Via\u00e7\u00e3o Fortaleza.<\/div>\n<div>&nbsp;<\/div>\n<div>&gt;VEJA MAIS FOTOS NO FACEBOOK!&lt;<\/div>\n<div>&nbsp;<\/div>\n<div>#diadoprofissionaldamanuten\u00e7\u00e3o&nbsp;#manuten\u00e7\u00e3o<\/div>\n","protected":false},"excerpt":{"rendered":"<p>Nessa \u00faltima sexta-feira, 20\/12, comemoramos o Dia do Profissional da Manuten\u00e7\u00e3o com uma confraterniza\u00e7\u00e3o linda com muita m\u00fasica, anima\u00e7\u00e3o, homenagens e sorteios! Um momento \u00fanico de parceria e integra\u00e7\u00e3o das equipes dos turnos dia e noite e de belas homenagens \u00e0 esses profissionais.&nbsp; &nbsp; Aproveitamos o momento para parabenizar os colaboradores que completaram em 2019,&hellip; <br \/> <a class=\"read-more\" href=\"http:\/\/viacaofortaleza.com.br\/index.php\/2019\/12\/23\/dia-do-profissional-da-manutencao-4\/\">Leia mais<\/a><\/p>\n","protected":false},"author":1,"featured_media":5753,"comment_status":"open","ping_status":"open","sticky":false,"template":"","format":"standard","meta":{"_mi_skip_tracking":false,"_monsterinsights_sitenote_active":false,"_monsterinsights_sitenote_note":"","_monsterinsights_sitenote_category":0,"ngg_post_thumbnail":0},"categories":[3],"tags":[193],"_links":{"self":[{"href":"http:\/\/viacaofortaleza.com.br\/index.php\/wp-json\/wp\/v2\/posts\/5756"}],"collection":[{"href":"http:\/\/viacaofortaleza.com.br\/index.php\/wp-json\/wp\/v2\/posts"}],"about":[{"href":"http:\/\/viacaofortaleza.com.br\/index.php\/wp-json\/wp\/v2\/types\/post"}],"author":[{"embeddable":true,"href":"http:\/\/viacaofortaleza.com.br\/index.php\/wp-json\/wp\/v2\/users\/1"}],"replies":[{"embeddable":true,"href":"http:\/\/viacaofortaleza.com.br\/index.php\/wp-json\/wp\/v2\/comments?post=5756"}],"version-history":[{"count":1,"href":"http:\/\/viacaofortaleza.com.br\/index.php\/wp-json\/wp\/v2\/posts\/5756\/revisions"}],"predecessor-version":[{"id":5758,"href":"http:\/\/viacaofortaleza.com.br\/index.php\/wp-json\/wp\/v2\/posts\/5756\/revisions\/5758"}],"wp:featuredmedia":[{"embeddable":true,"href":"http:\/\/viacaofortaleza.com.br\/index.php\/wp-json\/wp\/v2\/media\/5753"}],"wp:attachment":[{"href":"http:\/\/viacaofortaleza.com.br\/index.php\/wp-json\/wp\/v2\/media?parent=5756"}],"wp:term":[{"taxonomy":"category","embeddable":true,"href":"http:\/\/viacaofortaleza.com.br\/index.php\/wp-json\/wp\/v2\/categories?post=5756"},{"taxonomy":"post_tag","embeddable":true,"href":"http:\/\/viacaofortaleza.com.br\/index.php\/wp-json\/wp\/v2\/tags?post=5756"}],"curies":[{"name":"wp","href":"https:\/\/api.w.org\/{rel}","templated":true}]}}