{"id":5935,"date":"2020-01-20T10:57:50","date_gmt":"2020-01-20T13:57:50","guid":{"rendered":"http:\/\/viacaofortaleza.com.br\/?p=5935"},"modified":"2020-01-20T10:57:50","modified_gmt":"2020-01-20T13:57:50","slug":"curso-coletivo-de-passageiros-01-2020","status":"publish","type":"post","link":"http:\/\/viacaofortaleza.com.br\/index.php\/2020\/01\/20\/curso-coletivo-de-passageiros-01-2020\/","title":{"rendered":"Curso Coletivo de Passageiros &#8211; 01\/2020"},"content":{"rendered":"<p>Iniciamos 2020 com a forma\u00e7\u00e3o da 1\u00aa turma do Curso Especializado para Condutores de Ve\u00edculos de Transporte Coletivo de Passageiros. Contamos com o professor Francisco Jos\u00e9, do Sest Senat, para a aplica\u00e7\u00e3o do curso.<\/p>\n<p>Agradecemos mais uma vez ao Sest Senat e aos nossos colaboradores pela parceria!<\/p>\n<p>&nbsp;<\/p>\n<p>Via\u00e7\u00e3o Fortaleza<\/p>\n<p>H\u00e1 67 anos, construindo a nossa Fortaleza de todos os dias.<\/p>\n<p>#curso #coletivodepassageiros #sestsenat #qualifica\u00e7\u00e3o<\/p>\n","protected":false},"excerpt":{"rendered":"<p>Iniciamos 2020 com a forma\u00e7\u00e3o da 1\u00aa turma do Curso Especializado para Condutores de Ve\u00edculos de Transporte Coletivo de Passageiros. Contamos com o professor Francisco Jos\u00e9, do Sest Senat, para a aplica\u00e7\u00e3o do curso. Agradecemos mais uma vez ao Sest Senat e aos nossos colaboradores pela parceria! &nbsp; Via\u00e7\u00e3o Fortaleza H\u00e1 67 anos, construindo a&hellip; <br \/> <a class=\"read-more\" href=\"http:\/\/viacaofortaleza.com.br\/index.php\/2020\/01\/20\/curso-coletivo-de-passageiros-01-2020\/\">Leia mais<\/a><\/p>\n","protected":false},"author":1,"featured_media":5936,"comment_status":"open","ping_status":"open","sticky":false,"template":"","format":"standard","meta":{"_mi_skip_tracking":false,"_monsterinsights_sitenote_active":false,"_monsterinsights_sitenote_note":"","_monsterinsights_sitenote_category":0,"ngg_post_thumbnail":0},"categories":[136],"tags":[560],"_links":{"self":[{"href":"http:\/\/viacaofortaleza.com.br\/index.php\/wp-json\/wp\/v2\/posts\/5935"}],"collection":[{"href":"http:\/\/viacaofortaleza.com.br\/index.php\/wp-json\/wp\/v2\/posts"}],"about":[{"href":"http:\/\/viacaofortaleza.com.br\/index.php\/wp-json\/wp\/v2\/types\/post"}],"author":[{"embeddable":true,"href":"http:\/\/viacaofortaleza.com.br\/index.php\/wp-json\/wp\/v2\/users\/1"}],"replies":[{"embeddable":true,"href":"http:\/\/viacaofortaleza.com.br\/index.php\/wp-json\/wp\/v2\/comments?post=5935"}],"version-history":[{"count":1,"href":"http:\/\/viacaofortaleza.com.br\/index.php\/wp-json\/wp\/v2\/posts\/5935\/revisions"}],"predecessor-version":[{"id":5937,"href":"http:\/\/viacaofortaleza.com.br\/index.php\/wp-json\/wp\/v2\/posts\/5935\/revisions\/5937"}],"wp:featuredmedia":[{"embeddable":true,"href":"http:\/\/viacaofortaleza.com.br\/index.php\/wp-json\/wp\/v2\/media\/5936"}],"wp:attachment":[{"href":"http:\/\/viacaofortaleza.com.br\/index.php\/wp-json\/wp\/v2\/media?parent=5935"}],"wp:term":[{"taxonomy":"category","embeddable":true,"href":"http:\/\/viacaofortaleza.com.br\/index.php\/wp-json\/wp\/v2\/categories?post=5935"},{"taxonomy":"post_tag","embeddable":true,"href":"http:\/\/viacaofortaleza.com.br\/index.php\/wp-json\/wp\/v2\/tags?post=5935"}],"curies":[{"name":"wp","href":"https:\/\/api.w.org\/{rel}","templated":true}]}}