{"id":6100,"date":"2020-02-07T10:00:35","date_gmt":"2020-02-07T13:00:35","guid":{"rendered":"http:\/\/viacaofortaleza.com.br\/?p=6100"},"modified":"2020-02-07T10:16:10","modified_gmt":"2020-02-07T13:16:10","slug":"curso-coletivo-de-passageiros-02-2020","status":"publish","type":"post","link":"http:\/\/viacaofortaleza.com.br\/index.php\/2020\/02\/07\/curso-coletivo-de-passageiros-02-2020\/","title":{"rendered":"Curso Coletivo de Passageiros &#8211; 02\/2020"},"content":{"rendered":"<p>A nossa 2\u00aa turma do Curso Especializado para Condutores de Ve\u00edculos de Transporte Coletivo de Passageiros concluiu seus aprendizados!<\/p>\n<div>Agradecemos ao Sest Senat e ao professor&nbsp;Jos\u00e9 Jamison, pela parceria de sempre e aos nossos colaboradores pela participa\u00e7\u00e3o na busca de novos conhecimentos!<\/p>\n<div>&nbsp;<\/div>\n<p>Via\u00e7\u00e3o Fortaleza<\/p>\n<div>&nbsp;<\/div>\n<p>H\u00e1 67 anos, construindo a nossa Fortaleza de todos os dias.\u2800<\/p>\n<div>&nbsp;<\/div>\n<p>#curso #coletivodepassageiros #sestsenat #qualifica\u00e7\u00e3o<\/p><\/div>\n","protected":false},"excerpt":{"rendered":"<p>A nossa 2\u00aa turma do Curso Especializado para Condutores de Ve\u00edculos de Transporte Coletivo de Passageiros concluiu seus aprendizados! Agradecemos ao Sest Senat e ao professor&nbsp;Jos\u00e9 Jamison, pela parceria de sempre e aos nossos colaboradores pela participa\u00e7\u00e3o na busca de novos conhecimentos! &nbsp; Via\u00e7\u00e3o Fortaleza &nbsp; H\u00e1 67 anos, construindo a nossa Fortaleza de todos&hellip; <br \/> <a class=\"read-more\" href=\"http:\/\/viacaofortaleza.com.br\/index.php\/2020\/02\/07\/curso-coletivo-de-passageiros-02-2020\/\">Leia mais<\/a><\/p>\n","protected":false},"author":1,"featured_media":6101,"comment_status":"open","ping_status":"open","sticky":false,"template":"","format":"standard","meta":{"_mi_skip_tracking":false,"_monsterinsights_sitenote_active":false,"_monsterinsights_sitenote_note":"","_monsterinsights_sitenote_category":0,"ngg_post_thumbnail":0},"categories":[136],"tags":[575],"_links":{"self":[{"href":"http:\/\/viacaofortaleza.com.br\/index.php\/wp-json\/wp\/v2\/posts\/6100"}],"collection":[{"href":"http:\/\/viacaofortaleza.com.br\/index.php\/wp-json\/wp\/v2\/posts"}],"about":[{"href":"http:\/\/viacaofortaleza.com.br\/index.php\/wp-json\/wp\/v2\/types\/post"}],"author":[{"embeddable":true,"href":"http:\/\/viacaofortaleza.com.br\/index.php\/wp-json\/wp\/v2\/users\/1"}],"replies":[{"embeddable":true,"href":"http:\/\/viacaofortaleza.com.br\/index.php\/wp-json\/wp\/v2\/comments?post=6100"}],"version-history":[{"count":2,"href":"http:\/\/viacaofortaleza.com.br\/index.php\/wp-json\/wp\/v2\/posts\/6100\/revisions"}],"predecessor-version":[{"id":6103,"href":"http:\/\/viacaofortaleza.com.br\/index.php\/wp-json\/wp\/v2\/posts\/6100\/revisions\/6103"}],"wp:featuredmedia":[{"embeddable":true,"href":"http:\/\/viacaofortaleza.com.br\/index.php\/wp-json\/wp\/v2\/media\/6101"}],"wp:attachment":[{"href":"http:\/\/viacaofortaleza.com.br\/index.php\/wp-json\/wp\/v2\/media?parent=6100"}],"wp:term":[{"taxonomy":"category","embeddable":true,"href":"http:\/\/viacaofortaleza.com.br\/index.php\/wp-json\/wp\/v2\/categories?post=6100"},{"taxonomy":"post_tag","embeddable":true,"href":"http:\/\/viacaofortaleza.com.br\/index.php\/wp-json\/wp\/v2\/tags?post=6100"}],"curies":[{"name":"wp","href":"https:\/\/api.w.org\/{rel}","templated":true}]}}