{"id":6215,"date":"2020-02-28T10:57:54","date_gmt":"2020-02-28T13:57:54","guid":{"rendered":"http:\/\/viacaofortaleza.com.br\/?p=6215"},"modified":"2020-02-28T10:57:54","modified_gmt":"2020-02-28T13:57:54","slug":"curso-coletivo-de-passageiros-03-2020","status":"publish","type":"post","link":"http:\/\/viacaofortaleza.com.br\/index.php\/2020\/02\/28\/curso-coletivo-de-passageiros-03-2020\/","title":{"rendered":"Curso Coletivo de Passageiros &#8211; 03\/2020"},"content":{"rendered":"<p>Conclu\u00edmos o m\u00eas finalizando a 3\u00aa turma do Curso Especializado para Condutores de Ve\u00edculos de Transporte Coletivo de Passageiros.<\/p>\n<p>Mais uma vez agradecemos ao Sest Senat e ao professor Raimundo Heitor Gomes, pelo apoio e parceria.<\/p>\n<p>&nbsp;<\/p>\n<p>Via\u00e7\u00e3o Fortaleza<\/p>\n<p>H\u00e1 67 anos, construindo a nossa Fortaleza de todos os dias.<\/p>\n<p>#curso #coletivodepassageiros #sestsenat #qualifica\u00e7\u00e3o<\/p>\n","protected":false},"excerpt":{"rendered":"<p>Conclu\u00edmos o m\u00eas finalizando a 3\u00aa turma do Curso Especializado para Condutores de Ve\u00edculos de Transporte Coletivo de Passageiros. Mais uma vez agradecemos ao Sest Senat e ao professor Raimundo Heitor Gomes, pelo apoio e parceria. &nbsp; Via\u00e7\u00e3o Fortaleza H\u00e1 67 anos, construindo a nossa Fortaleza de todos os dias. #curso #coletivodepassageiros #sestsenat #qualifica\u00e7\u00e3o<\/p>\n","protected":false},"author":1,"featured_media":6216,"comment_status":"open","ping_status":"open","sticky":false,"template":"","format":"standard","meta":{"_mi_skip_tracking":false,"_monsterinsights_sitenote_active":false,"_monsterinsights_sitenote_note":"","_monsterinsights_sitenote_category":0,"ngg_post_thumbnail":0},"categories":[136],"tags":[582],"_links":{"self":[{"href":"http:\/\/viacaofortaleza.com.br\/index.php\/wp-json\/wp\/v2\/posts\/6215"}],"collection":[{"href":"http:\/\/viacaofortaleza.com.br\/index.php\/wp-json\/wp\/v2\/posts"}],"about":[{"href":"http:\/\/viacaofortaleza.com.br\/index.php\/wp-json\/wp\/v2\/types\/post"}],"author":[{"embeddable":true,"href":"http:\/\/viacaofortaleza.com.br\/index.php\/wp-json\/wp\/v2\/users\/1"}],"replies":[{"embeddable":true,"href":"http:\/\/viacaofortaleza.com.br\/index.php\/wp-json\/wp\/v2\/comments?post=6215"}],"version-history":[{"count":1,"href":"http:\/\/viacaofortaleza.com.br\/index.php\/wp-json\/wp\/v2\/posts\/6215\/revisions"}],"predecessor-version":[{"id":6217,"href":"http:\/\/viacaofortaleza.com.br\/index.php\/wp-json\/wp\/v2\/posts\/6215\/revisions\/6217"}],"wp:featuredmedia":[{"embeddable":true,"href":"http:\/\/viacaofortaleza.com.br\/index.php\/wp-json\/wp\/v2\/media\/6216"}],"wp:attachment":[{"href":"http:\/\/viacaofortaleza.com.br\/index.php\/wp-json\/wp\/v2\/media?parent=6215"}],"wp:term":[{"taxonomy":"category","embeddable":true,"href":"http:\/\/viacaofortaleza.com.br\/index.php\/wp-json\/wp\/v2\/categories?post=6215"},{"taxonomy":"post_tag","embeddable":true,"href":"http:\/\/viacaofortaleza.com.br\/index.php\/wp-json\/wp\/v2\/tags?post=6215"}],"curies":[{"name":"wp","href":"https:\/\/api.w.org\/{rel}","templated":true}]}}