{"id":6246,"date":"2020-03-06T16:00:01","date_gmt":"2020-03-06T19:00:01","guid":{"rendered":"http:\/\/viacaofortaleza.com.br\/?p=6246"},"modified":"2020-03-17T08:51:32","modified_gmt":"2020-03-17T11:51:32","slug":"dia-internacional-da-mulher-dia-da-beleza","status":"publish","type":"post","link":"http:\/\/viacaofortaleza.com.br\/index.php\/2020\/03\/06\/dia-internacional-da-mulher-dia-da-beleza\/","title":{"rendered":"Dia Internacional da Mulher &#8211; Dia da Beleza"},"content":{"rendered":"<p>Antecipamos as comemora\u00e7\u00f5es pelo Dia Internacional da Mulher e, em parceria com a Harmony Consultoria e a Mary Kay, realizamos uma tarde de beleza com nossas mulheres, com&nbsp;os servi\u00e7os de Limpeza de Pele, Auto Make e Spa das M\u00e3os.&nbsp;<\/p>\n<div>&nbsp;<\/div>\n<div>Muito obrigada Carol Rodrigues pela sua aten\u00e7\u00e3o e carinho! Feliz Dia da Mulher!<\/div>\n<div>&nbsp;<\/div>\n<div>#diadamulher #marykay #cuidados<\/div>\n","protected":false},"excerpt":{"rendered":"<p>Antecipamos as comemora\u00e7\u00f5es pelo Dia Internacional da Mulher e, em parceria com a Harmony Consultoria e a Mary Kay, realizamos uma tarde de beleza com nossas mulheres, com&nbsp;os servi\u00e7os de Limpeza de Pele, Auto Make e Spa das M\u00e3os.&nbsp; &nbsp; Muito obrigada Carol Rodrigues pela sua aten\u00e7\u00e3o e carinho! Feliz Dia da Mulher! &nbsp; #diadamulher&hellip; <br \/> <a class=\"read-more\" href=\"http:\/\/viacaofortaleza.com.br\/index.php\/2020\/03\/06\/dia-internacional-da-mulher-dia-da-beleza\/\">Leia mais<\/a><\/p>\n","protected":false},"author":1,"featured_media":6247,"comment_status":"open","ping_status":"open","sticky":false,"template":"","format":"standard","meta":{"_mi_skip_tracking":false,"_monsterinsights_sitenote_active":false,"_monsterinsights_sitenote_note":"","_monsterinsights_sitenote_category":0,"ngg_post_thumbnail":0},"categories":[3],"tags":[587],"_links":{"self":[{"href":"http:\/\/viacaofortaleza.com.br\/index.php\/wp-json\/wp\/v2\/posts\/6246"}],"collection":[{"href":"http:\/\/viacaofortaleza.com.br\/index.php\/wp-json\/wp\/v2\/posts"}],"about":[{"href":"http:\/\/viacaofortaleza.com.br\/index.php\/wp-json\/wp\/v2\/types\/post"}],"author":[{"embeddable":true,"href":"http:\/\/viacaofortaleza.com.br\/index.php\/wp-json\/wp\/v2\/users\/1"}],"replies":[{"embeddable":true,"href":"http:\/\/viacaofortaleza.com.br\/index.php\/wp-json\/wp\/v2\/comments?post=6246"}],"version-history":[{"count":1,"href":"http:\/\/viacaofortaleza.com.br\/index.php\/wp-json\/wp\/v2\/posts\/6246\/revisions"}],"predecessor-version":[{"id":6248,"href":"http:\/\/viacaofortaleza.com.br\/index.php\/wp-json\/wp\/v2\/posts\/6246\/revisions\/6248"}],"wp:featuredmedia":[{"embeddable":true,"href":"http:\/\/viacaofortaleza.com.br\/index.php\/wp-json\/wp\/v2\/media\/6247"}],"wp:attachment":[{"href":"http:\/\/viacaofortaleza.com.br\/index.php\/wp-json\/wp\/v2\/media?parent=6246"}],"wp:term":[{"taxonomy":"category","embeddable":true,"href":"http:\/\/viacaofortaleza.com.br\/index.php\/wp-json\/wp\/v2\/categories?post=6246"},{"taxonomy":"post_tag","embeddable":true,"href":"http:\/\/viacaofortaleza.com.br\/index.php\/wp-json\/wp\/v2\/tags?post=6246"}],"curies":[{"name":"wp","href":"https:\/\/api.w.org\/{rel}","templated":true}]}}