{"id":6283,"date":"2020-03-13T13:52:45","date_gmt":"2020-03-13T16:52:45","guid":{"rendered":"http:\/\/viacaofortaleza.com.br\/?p=6283"},"modified":"2020-03-13T13:52:45","modified_gmt":"2020-03-13T16:52:45","slug":"curso-coletivo-de-passageiros-04-2020","status":"publish","type":"post","link":"http:\/\/viacaofortaleza.com.br\/index.php\/2020\/03\/13\/curso-coletivo-de-passageiros-04-2020\/","title":{"rendered":"Curso Coletivo de Passageiros &#8211; 04\/2020"},"content":{"rendered":"<p>A 4\u00aa turma do Curso Especializado para Condutores de Ve\u00edculos de Transporte Coletivo de Passageiros foi finalizada hoje!<\/p>\n<p>Mais uma vez agradecemos ao Sest Senat e ao professor Fco. Jos\u00e9 da Silva, pelo apoio e parceria.<\/p>\n<p>Via\u00e7\u00e3o Fortaleza<\/p>\n<p>H\u00e1 67 anos, construindo a nossa Fortaleza de todos os dias.&nbsp;<\/p>\n<p>#curso #coletivodepassageiros #sestsenat #qualifica\u00e7\u00e3o<\/p>\n","protected":false},"excerpt":{"rendered":"<p>A 4\u00aa turma do Curso Especializado para Condutores de Ve\u00edculos de Transporte Coletivo de Passageiros foi finalizada hoje! Mais uma vez agradecemos ao Sest Senat e ao professor Fco. Jos\u00e9 da Silva, pelo apoio e parceria. Via\u00e7\u00e3o Fortaleza H\u00e1 67 anos, construindo a nossa Fortaleza de todos os dias.&nbsp; #curso #coletivodepassageiros #sestsenat #qualifica\u00e7\u00e3o<\/p>\n","protected":false},"author":1,"featured_media":6284,"comment_status":"open","ping_status":"open","sticky":false,"template":"","format":"standard","meta":{"_mi_skip_tracking":false,"_monsterinsights_sitenote_active":false,"_monsterinsights_sitenote_note":"","_monsterinsights_sitenote_category":0,"ngg_post_thumbnail":0},"categories":[136],"tags":[592],"_links":{"self":[{"href":"http:\/\/viacaofortaleza.com.br\/index.php\/wp-json\/wp\/v2\/posts\/6283"}],"collection":[{"href":"http:\/\/viacaofortaleza.com.br\/index.php\/wp-json\/wp\/v2\/posts"}],"about":[{"href":"http:\/\/viacaofortaleza.com.br\/index.php\/wp-json\/wp\/v2\/types\/post"}],"author":[{"embeddable":true,"href":"http:\/\/viacaofortaleza.com.br\/index.php\/wp-json\/wp\/v2\/users\/1"}],"replies":[{"embeddable":true,"href":"http:\/\/viacaofortaleza.com.br\/index.php\/wp-json\/wp\/v2\/comments?post=6283"}],"version-history":[{"count":1,"href":"http:\/\/viacaofortaleza.com.br\/index.php\/wp-json\/wp\/v2\/posts\/6283\/revisions"}],"predecessor-version":[{"id":6285,"href":"http:\/\/viacaofortaleza.com.br\/index.php\/wp-json\/wp\/v2\/posts\/6283\/revisions\/6285"}],"wp:featuredmedia":[{"embeddable":true,"href":"http:\/\/viacaofortaleza.com.br\/index.php\/wp-json\/wp\/v2\/media\/6284"}],"wp:attachment":[{"href":"http:\/\/viacaofortaleza.com.br\/index.php\/wp-json\/wp\/v2\/media?parent=6283"}],"wp:term":[{"taxonomy":"category","embeddable":true,"href":"http:\/\/viacaofortaleza.com.br\/index.php\/wp-json\/wp\/v2\/categories?post=6283"},{"taxonomy":"post_tag","embeddable":true,"href":"http:\/\/viacaofortaleza.com.br\/index.php\/wp-json\/wp\/v2\/tags?post=6283"}],"curies":[{"name":"wp","href":"https:\/\/api.w.org\/{rel}","templated":true}]}}