{"id":6309,"date":"2020-03-25T07:00:12","date_gmt":"2020-03-25T10:00:12","guid":{"rendered":"http:\/\/viacaofortaleza.com.br\/?p=6309"},"modified":"2020-03-17T14:39:10","modified_gmt":"2020-03-17T17:39:10","slug":"data-magna-do-ceara","status":"publish","type":"post","link":"http:\/\/viacaofortaleza.com.br\/index.php\/2020\/03\/25\/data-magna-do-ceara\/","title":{"rendered":"Data Magna do Cear\u00e1"},"content":{"rendered":"<p>25 de mar\u00e7o &#8211; Data Magna do Cear\u00e1<\/p>\n<p>A Data Magna do Cear\u00e1 \u00e9 uma data para lembrar a luta dos negros escravizados por liberdade e celebrar a aboli\u00e7\u00e3o dos escravos no Cear\u00e1, a primeira prov\u00edncia do Brasil a libertar os escravos, no dia 25 de mar\u00e7o de 1884.<\/p>\n<p>#datamagna #aboli\u00e7\u00e3odosescravos<\/p>\n","protected":false},"excerpt":{"rendered":"<p>25 de mar\u00e7o &#8211; Data Magna do Cear\u00e1 A Data Magna do Cear\u00e1 \u00e9 uma data para lembrar a luta dos negros escravizados por liberdade e celebrar a aboli\u00e7\u00e3o dos escravos no Cear\u00e1, a primeira prov\u00edncia do Brasil a libertar os escravos, no dia 25 de mar\u00e7o de 1884. #datamagna #aboli\u00e7\u00e3odosescravos<\/p>\n","protected":false},"author":1,"featured_media":6310,"comment_status":"open","ping_status":"open","sticky":false,"template":"","format":"standard","meta":{"_mi_skip_tracking":false,"_monsterinsights_sitenote_active":false,"_monsterinsights_sitenote_note":"","_monsterinsights_sitenote_category":0,"ngg_post_thumbnail":0},"categories":[3],"tags":[593],"_links":{"self":[{"href":"http:\/\/viacaofortaleza.com.br\/index.php\/wp-json\/wp\/v2\/posts\/6309"}],"collection":[{"href":"http:\/\/viacaofortaleza.com.br\/index.php\/wp-json\/wp\/v2\/posts"}],"about":[{"href":"http:\/\/viacaofortaleza.com.br\/index.php\/wp-json\/wp\/v2\/types\/post"}],"author":[{"embeddable":true,"href":"http:\/\/viacaofortaleza.com.br\/index.php\/wp-json\/wp\/v2\/users\/1"}],"replies":[{"embeddable":true,"href":"http:\/\/viacaofortaleza.com.br\/index.php\/wp-json\/wp\/v2\/comments?post=6309"}],"version-history":[{"count":1,"href":"http:\/\/viacaofortaleza.com.br\/index.php\/wp-json\/wp\/v2\/posts\/6309\/revisions"}],"predecessor-version":[{"id":6311,"href":"http:\/\/viacaofortaleza.com.br\/index.php\/wp-json\/wp\/v2\/posts\/6309\/revisions\/6311"}],"wp:featuredmedia":[{"embeddable":true,"href":"http:\/\/viacaofortaleza.com.br\/index.php\/wp-json\/wp\/v2\/media\/6310"}],"wp:attachment":[{"href":"http:\/\/viacaofortaleza.com.br\/index.php\/wp-json\/wp\/v2\/media?parent=6309"}],"wp:term":[{"taxonomy":"category","embeddable":true,"href":"http:\/\/viacaofortaleza.com.br\/index.php\/wp-json\/wp\/v2\/categories?post=6309"},{"taxonomy":"post_tag","embeddable":true,"href":"http:\/\/viacaofortaleza.com.br\/index.php\/wp-json\/wp\/v2\/tags?post=6309"}],"curies":[{"name":"wp","href":"https:\/\/api.w.org\/{rel}","templated":true}]}}