{"id":6625,"date":"2020-05-01T08:00:51","date_gmt":"2020-05-01T11:00:51","guid":{"rendered":"http:\/\/viacaofortaleza.com.br\/?p=6625"},"modified":"2020-04-30T10:35:42","modified_gmt":"2020-04-30T13:35:42","slug":"maio-amarelo-2020","status":"publish","type":"post","link":"http:\/\/viacaofortaleza.com.br\/index.php\/2020\/05\/01\/maio-amarelo-2020\/","title":{"rendered":"Maio Amarelo 2020"},"content":{"rendered":"<p><img class=\"emojioneemoji\" src=\"https:\/\/cdn.jsdelivr.net\/emojione\/assets\/4.0\/png\/32\/26a0.png\" alt=\"\u26a0\">O Movimento Maio Amarelo 2020 come\u00e7a hoje!<\/p>\n<div>\n<div>&nbsp;<\/div>\n<p>Este ano nosso foco \u00e9 chamar a aten\u00e7\u00e3o da sociedade&nbsp;para o alto \u00edndice de mortes e feridos no tr\u00e2nsito&nbsp;em todo o mundo, sejam eles pedestres, ciclistas, motociclistas ou motoristas.<\/p><\/div>\n<div>&nbsp;<\/div>\n<div>Por isso, perceba o risco e proteja a vida! Atitudes defensivas e conscientes fazem total diferen\u00e7a no tr\u00e2nsito.<\/div>\n<div>\n<div>&nbsp;<\/div>\n<p>#maioamarelo #protejaavida<\/p><\/div>\n","protected":false},"excerpt":{"rendered":"<p>O Movimento Maio Amarelo 2020 come\u00e7a hoje! &nbsp; Este ano nosso foco \u00e9 chamar a aten\u00e7\u00e3o da sociedade&nbsp;para o alto \u00edndice de mortes e feridos no tr\u00e2nsito&nbsp;em todo o mundo, sejam eles pedestres, ciclistas, motociclistas ou motoristas. &nbsp; Por isso, perceba o risco e proteja a vida! Atitudes defensivas e conscientes fazem total diferen\u00e7a no&hellip; <br \/> <a class=\"read-more\" href=\"http:\/\/viacaofortaleza.com.br\/index.php\/2020\/05\/01\/maio-amarelo-2020\/\">Leia mais<\/a><\/p>\n","protected":false},"author":1,"featured_media":6626,"comment_status":"open","ping_status":"open","sticky":false,"template":"","format":"standard","meta":{"_mi_skip_tracking":false,"_monsterinsights_sitenote_active":false,"_monsterinsights_sitenote_note":"","_monsterinsights_sitenote_category":0,"ngg_post_thumbnail":0},"categories":[12],"tags":[615],"_links":{"self":[{"href":"http:\/\/viacaofortaleza.com.br\/index.php\/wp-json\/wp\/v2\/posts\/6625"}],"collection":[{"href":"http:\/\/viacaofortaleza.com.br\/index.php\/wp-json\/wp\/v2\/posts"}],"about":[{"href":"http:\/\/viacaofortaleza.com.br\/index.php\/wp-json\/wp\/v2\/types\/post"}],"author":[{"embeddable":true,"href":"http:\/\/viacaofortaleza.com.br\/index.php\/wp-json\/wp\/v2\/users\/1"}],"replies":[{"embeddable":true,"href":"http:\/\/viacaofortaleza.com.br\/index.php\/wp-json\/wp\/v2\/comments?post=6625"}],"version-history":[{"count":1,"href":"http:\/\/viacaofortaleza.com.br\/index.php\/wp-json\/wp\/v2\/posts\/6625\/revisions"}],"predecessor-version":[{"id":6627,"href":"http:\/\/viacaofortaleza.com.br\/index.php\/wp-json\/wp\/v2\/posts\/6625\/revisions\/6627"}],"wp:featuredmedia":[{"embeddable":true,"href":"http:\/\/viacaofortaleza.com.br\/index.php\/wp-json\/wp\/v2\/media\/6626"}],"wp:attachment":[{"href":"http:\/\/viacaofortaleza.com.br\/index.php\/wp-json\/wp\/v2\/media?parent=6625"}],"wp:term":[{"taxonomy":"category","embeddable":true,"href":"http:\/\/viacaofortaleza.com.br\/index.php\/wp-json\/wp\/v2\/categories?post=6625"},{"taxonomy":"post_tag","embeddable":true,"href":"http:\/\/viacaofortaleza.com.br\/index.php\/wp-json\/wp\/v2\/tags?post=6625"}],"curies":[{"name":"wp","href":"https:\/\/api.w.org\/{rel}","templated":true}]}}