{"id":6652,"date":"2020-05-07T09:00:43","date_gmt":"2020-05-07T12:00:43","guid":{"rendered":"http:\/\/viacaofortaleza.com.br\/?p=6652"},"modified":"2020-05-07T08:59:22","modified_gmt":"2020-05-07T11:59:22","slug":"uso-obrigatorio-de-mascara-no-transporte-coletivo-de-fortaleza","status":"publish","type":"post","link":"http:\/\/viacaofortaleza.com.br\/index.php\/2020\/05\/07\/uso-obrigatorio-de-mascara-no-transporte-coletivo-de-fortaleza\/","title":{"rendered":"Uso obrigat\u00f3rio de m\u00e1scara no transporte coletivo de Fortaleza"},"content":{"rendered":"<p>A partir desta quinta-feira (07\/05\/20) o embarque no transporte coletivo de Fortaleza ser\u00e1 permitido somente com o uso de m\u00e1scara.&nbsp;<img class=\"emojioneemoji\" src=\"https:\/\/cdn.jsdelivr.net\/emojione\/assets\/4.0\/png\/32\/1f637.png\" alt=\"?\">&nbsp;Eu protejo voc\u00ea. Voc\u00ea me protege.&nbsp;<img class=\"emojioneemoji\" src=\"https:\/\/cdn.jsdelivr.net\/emojione\/assets\/4.0\/png\/32\/2764.png\" alt=\"\u2764\"><\/p>\n<div>#prote\u00e7\u00e3o #combate&nbsp;<\/div>\n","protected":false},"excerpt":{"rendered":"<p>A partir desta quinta-feira (07\/05\/20) o embarque no transporte coletivo de Fortaleza ser\u00e1 permitido somente com o uso de m\u00e1scara.&nbsp;&nbsp;Eu protejo voc\u00ea. Voc\u00ea me protege.&nbsp; #prote\u00e7\u00e3o #combate&nbsp;<\/p>\n","protected":false},"author":1,"featured_media":6653,"comment_status":"open","ping_status":"open","sticky":false,"template":"","format":"standard","meta":{"_mi_skip_tracking":false,"_monsterinsights_sitenote_active":false,"_monsterinsights_sitenote_note":"","_monsterinsights_sitenote_category":0,"ngg_post_thumbnail":0},"categories":[12],"tags":[619],"_links":{"self":[{"href":"http:\/\/viacaofortaleza.com.br\/index.php\/wp-json\/wp\/v2\/posts\/6652"}],"collection":[{"href":"http:\/\/viacaofortaleza.com.br\/index.php\/wp-json\/wp\/v2\/posts"}],"about":[{"href":"http:\/\/viacaofortaleza.com.br\/index.php\/wp-json\/wp\/v2\/types\/post"}],"author":[{"embeddable":true,"href":"http:\/\/viacaofortaleza.com.br\/index.php\/wp-json\/wp\/v2\/users\/1"}],"replies":[{"embeddable":true,"href":"http:\/\/viacaofortaleza.com.br\/index.php\/wp-json\/wp\/v2\/comments?post=6652"}],"version-history":[{"count":1,"href":"http:\/\/viacaofortaleza.com.br\/index.php\/wp-json\/wp\/v2\/posts\/6652\/revisions"}],"predecessor-version":[{"id":6654,"href":"http:\/\/viacaofortaleza.com.br\/index.php\/wp-json\/wp\/v2\/posts\/6652\/revisions\/6654"}],"wp:featuredmedia":[{"embeddable":true,"href":"http:\/\/viacaofortaleza.com.br\/index.php\/wp-json\/wp\/v2\/media\/6653"}],"wp:attachment":[{"href":"http:\/\/viacaofortaleza.com.br\/index.php\/wp-json\/wp\/v2\/media?parent=6652"}],"wp:term":[{"taxonomy":"category","embeddable":true,"href":"http:\/\/viacaofortaleza.com.br\/index.php\/wp-json\/wp\/v2\/categories?post=6652"},{"taxonomy":"post_tag","embeddable":true,"href":"http:\/\/viacaofortaleza.com.br\/index.php\/wp-json\/wp\/v2\/tags?post=6652"}],"curies":[{"name":"wp","href":"https:\/\/api.w.org\/{rel}","templated":true}]}}