{"id":6672,"date":"2020-05-16T11:00:34","date_gmt":"2020-05-16T14:00:34","guid":{"rendered":"http:\/\/viacaofortaleza.com.br\/?p=6672"},"modified":"2020-05-11T10:57:11","modified_gmt":"2020-05-11T13:57:11","slug":"maio-amarelo-celular-e-direcao-nao-combinam","status":"publish","type":"post","link":"http:\/\/viacaofortaleza.com.br\/index.php\/2020\/05\/16\/maio-amarelo-celular-e-direcao-nao-combinam\/","title":{"rendered":"Maio Amarelo &#8211; Celular e dire\u00e7\u00e3o n\u00e3o combinam"},"content":{"rendered":"<p><img class=\"emojioneemoji\" style=\"border: 0px; font-size: 14px; height: 3ex; width: auto; min-height: 20px; min-width: 20px; display: inline-block; margin: -0.2ex 0.15em 0.2ex; line-height: normal; vertical-align: middle; top: 0px; color: #555555; font-family: Arial, 'Helvetica Neue', Helvetica, sans-serif; background-color: #ffffff;\" src=\"https:\/\/cdn.jsdelivr.net\/emojione\/assets\/4.0\/png\/32\/26a0.png\" alt=\"\u26a0\"><span style=\"color: #555555; font-family: Arial, 'Helvetica Neue', Helvetica, sans-serif; font-size: 14px; background-color: #ffffff;\">Celular e dire\u00e7\u00e3o s\u00e3o uma combina\u00e7\u00e3o perigosa. A Associa\u00e7\u00e3o Brasileira de Medicina do Tr\u00e1fego (Abramet) revelou que o uso de celular \u00e9 a terceira maior causa de mortes no tr\u00e2nsito no Brasil \u2013 atr\u00e1s apenas do excesso de velocidade e do consumo de \u00e1lcool pelos motoristas.&nbsp;<\/span><\/p>\n<div style=\"color: #555555; font-family: Arial, 'Helvetica Neue', Helvetica, sans-serif; font-size: 14px; background-color: #ffffff;\"><img class=\"emojioneemoji\" style=\"border: 0px; font-size: inherit; height: 3ex; width: auto; min-height: 20px; min-width: 20px; display: inline-block; margin: -0.2ex 0.15em 0.2ex; line-height: normal; vertical-align: middle; top: 0px;\" src=\"https:\/\/cdn.jsdelivr.net\/emojione\/assets\/4.0\/png\/32\/2705.png\" alt=\"\u2705\">Conscientize-se! Mantenha a aten\u00e7\u00e3o somente na estrada! Deixe o celular para depois!<\/p>\n<div>&nbsp;<\/div>\n<p>&nbsp;&nbsp;<\/p>\n<div>&nbsp;<\/div>\n<p>#maioamarelo #protejaavida<\/p><\/div>\n","protected":false},"excerpt":{"rendered":"<p>Celular e dire\u00e7\u00e3o s\u00e3o uma combina\u00e7\u00e3o perigosa. A Associa\u00e7\u00e3o Brasileira de Medicina do Tr\u00e1fego (Abramet) revelou que o uso de celular \u00e9 a terceira maior causa de mortes no tr\u00e2nsito no Brasil \u2013 atr\u00e1s apenas do excesso de velocidade e do consumo de \u00e1lcool pelos motoristas.&nbsp; Conscientize-se! Mantenha a aten\u00e7\u00e3o somente na estrada! Deixe o&hellip; <br \/> <a class=\"read-more\" href=\"http:\/\/viacaofortaleza.com.br\/index.php\/2020\/05\/16\/maio-amarelo-celular-e-direcao-nao-combinam\/\">Leia mais<\/a><\/p>\n","protected":false},"author":1,"featured_media":6667,"comment_status":"open","ping_status":"open","sticky":false,"template":"","format":"standard","meta":{"_mi_skip_tracking":false,"_monsterinsights_sitenote_active":false,"_monsterinsights_sitenote_note":"","_monsterinsights_sitenote_category":0,"ngg_post_thumbnail":0},"categories":[12],"tags":[621],"_links":{"self":[{"href":"http:\/\/viacaofortaleza.com.br\/index.php\/wp-json\/wp\/v2\/posts\/6672"}],"collection":[{"href":"http:\/\/viacaofortaleza.com.br\/index.php\/wp-json\/wp\/v2\/posts"}],"about":[{"href":"http:\/\/viacaofortaleza.com.br\/index.php\/wp-json\/wp\/v2\/types\/post"}],"author":[{"embeddable":true,"href":"http:\/\/viacaofortaleza.com.br\/index.php\/wp-json\/wp\/v2\/users\/1"}],"replies":[{"embeddable":true,"href":"http:\/\/viacaofortaleza.com.br\/index.php\/wp-json\/wp\/v2\/comments?post=6672"}],"version-history":[{"count":1,"href":"http:\/\/viacaofortaleza.com.br\/index.php\/wp-json\/wp\/v2\/posts\/6672\/revisions"}],"predecessor-version":[{"id":6673,"href":"http:\/\/viacaofortaleza.com.br\/index.php\/wp-json\/wp\/v2\/posts\/6672\/revisions\/6673"}],"wp:featuredmedia":[{"embeddable":true,"href":"http:\/\/viacaofortaleza.com.br\/index.php\/wp-json\/wp\/v2\/media\/6667"}],"wp:attachment":[{"href":"http:\/\/viacaofortaleza.com.br\/index.php\/wp-json\/wp\/v2\/media?parent=6672"}],"wp:term":[{"taxonomy":"category","embeddable":true,"href":"http:\/\/viacaofortaleza.com.br\/index.php\/wp-json\/wp\/v2\/categories?post=6672"},{"taxonomy":"post_tag","embeddable":true,"href":"http:\/\/viacaofortaleza.com.br\/index.php\/wp-json\/wp\/v2\/tags?post=6672"}],"curies":[{"name":"wp","href":"https:\/\/api.w.org\/{rel}","templated":true}]}}