{"id":6719,"date":"2020-06-01T11:54:25","date_gmt":"2020-06-01T14:54:25","guid":{"rendered":"http:\/\/viacaofortaleza.com.br\/?p=6719"},"modified":"2020-06-01T11:54:25","modified_gmt":"2020-06-01T14:54:25","slug":"nota-sindionibus","status":"publish","type":"post","link":"http:\/\/viacaofortaleza.com.br\/index.php\/2020\/06\/01\/nota-sindionibus\/","title":{"rendered":"*NOTA SINDI\u00d4NIBUS*"},"content":{"rendered":"<p>*NOTA SINDI\u00d4NIBUS*<br \/>\n\u2800<\/p>\n<p>A partir de hoje, 01 de junho, o sistema de transporte coletivo metropolitano de Fortaleza voltar\u00e1 a operar de acordo com o plano de retorno \u00e0s atividades do Governo do Estado do Cear\u00e1. A frota urbana de Fortaleza estar\u00e1 preparada com um refor\u00e7o e pronta para se adaptar com agilidade de acordo com a demanda observada nos primeiros dias.<br \/>\n\u2800<br \/>\nLembramos que a recomenda\u00e7\u00e3o geral continua sendo de s\u00f3 se movimentar pela cidade em caso de necessidade, mantendo o isolamento e evitando contato com outras pessoas. \u00c9 necess\u00e1rio que sejamos todos conscientes para conter a velocidade de transmiss\u00e3o da COVID-19 e seguir avan\u00e7ando gradualmente rumo \u00e0 normalidade.<br \/>\n\u2800<br \/>\nSINDI\u00d4NIBUS<\/p>\n","protected":false},"excerpt":{"rendered":"<p>*NOTA SINDI\u00d4NIBUS* \u2800 A partir de hoje, 01 de junho, o sistema de transporte coletivo metropolitano de Fortaleza voltar\u00e1 a operar de acordo com o plano de retorno \u00e0s atividades do Governo do Estado do Cear\u00e1. A frota urbana de Fortaleza estar\u00e1 preparada com um refor\u00e7o e pronta para se adaptar com agilidade de acordo&hellip; <br \/> <a class=\"read-more\" href=\"http:\/\/viacaofortaleza.com.br\/index.php\/2020\/06\/01\/nota-sindionibus\/\">Leia mais<\/a><\/p>\n","protected":false},"author":1,"featured_media":6720,"comment_status":"open","ping_status":"open","sticky":false,"template":"","format":"standard","meta":{"_mi_skip_tracking":false,"_monsterinsights_sitenote_active":false,"_monsterinsights_sitenote_note":"","_monsterinsights_sitenote_category":0,"ngg_post_thumbnail":0},"categories":[1],"tags":[631],"_links":{"self":[{"href":"http:\/\/viacaofortaleza.com.br\/index.php\/wp-json\/wp\/v2\/posts\/6719"}],"collection":[{"href":"http:\/\/viacaofortaleza.com.br\/index.php\/wp-json\/wp\/v2\/posts"}],"about":[{"href":"http:\/\/viacaofortaleza.com.br\/index.php\/wp-json\/wp\/v2\/types\/post"}],"author":[{"embeddable":true,"href":"http:\/\/viacaofortaleza.com.br\/index.php\/wp-json\/wp\/v2\/users\/1"}],"replies":[{"embeddable":true,"href":"http:\/\/viacaofortaleza.com.br\/index.php\/wp-json\/wp\/v2\/comments?post=6719"}],"version-history":[{"count":1,"href":"http:\/\/viacaofortaleza.com.br\/index.php\/wp-json\/wp\/v2\/posts\/6719\/revisions"}],"predecessor-version":[{"id":6721,"href":"http:\/\/viacaofortaleza.com.br\/index.php\/wp-json\/wp\/v2\/posts\/6719\/revisions\/6721"}],"wp:featuredmedia":[{"embeddable":true,"href":"http:\/\/viacaofortaleza.com.br\/index.php\/wp-json\/wp\/v2\/media\/6720"}],"wp:attachment":[{"href":"http:\/\/viacaofortaleza.com.br\/index.php\/wp-json\/wp\/v2\/media?parent=6719"}],"wp:term":[{"taxonomy":"category","embeddable":true,"href":"http:\/\/viacaofortaleza.com.br\/index.php\/wp-json\/wp\/v2\/categories?post=6719"},{"taxonomy":"post_tag","embeddable":true,"href":"http:\/\/viacaofortaleza.com.br\/index.php\/wp-json\/wp\/v2\/tags?post=6719"}],"curies":[{"name":"wp","href":"https:\/\/api.w.org\/{rel}","templated":true}]}}