{"id":6723,"date":"2020-06-03T07:00:01","date_gmt":"2020-06-03T10:00:01","guid":{"rendered":"http:\/\/viacaofortaleza.com.br\/?p=6723"},"modified":"2020-06-02T09:14:29","modified_gmt":"2020-06-02T12:14:29","slug":"dia-dos-profissionais-de-rh-e-dp","status":"publish","type":"post","link":"http:\/\/viacaofortaleza.com.br\/index.php\/2020\/06\/03\/dia-dos-profissionais-de-rh-e-dp\/","title":{"rendered":"Dia dos profissionais de RH e DP"},"content":{"rendered":"<div>03 de junho&nbsp;<\/div>\n<p>Dia dos profissionais de RH e DP<\/p>\n<div>&nbsp;<\/div>\n<p>Hoje, parabenizamos nossas equipes de alta performance do RH e DP, Izabel Bandeira, Luana Lima, Marcos Cavalcante, M\u00e1rcia Moreira, Cintia Calixto e Mara Alves, profissionais&nbsp;com a miss\u00e3o de administrar o maior recurso da nossa empresa: as pessoas!<\/p>\n<p>Nossa gratid\u00e3o pelo seu trabalho e dedica\u00e7\u00e3o todos os dias!<\/p>\n<div>#rhedp #recursoshumanos #departamentopessoal<\/div>\n<div>\n<div>&nbsp;<\/div>\n<\/div>\n","protected":false},"excerpt":{"rendered":"<p>03 de junho&nbsp; Dia dos profissionais de RH e DP &nbsp; Hoje, parabenizamos nossas equipes de alta performance do RH e DP, Izabel Bandeira, Luana Lima, Marcos Cavalcante, M\u00e1rcia Moreira, Cintia Calixto e Mara Alves, profissionais&nbsp;com a miss\u00e3o de administrar o maior recurso da nossa empresa: as pessoas! Nossa gratid\u00e3o pelo seu trabalho e dedica\u00e7\u00e3o&hellip; <br \/> <a class=\"read-more\" href=\"http:\/\/viacaofortaleza.com.br\/index.php\/2020\/06\/03\/dia-dos-profissionais-de-rh-e-dp\/\">Leia mais<\/a><\/p>\n","protected":false},"author":1,"featured_media":6724,"comment_status":"open","ping_status":"open","sticky":false,"template":"","format":"standard","meta":{"_mi_skip_tracking":false,"_monsterinsights_sitenote_active":false,"_monsterinsights_sitenote_note":"","_monsterinsights_sitenote_category":0,"ngg_post_thumbnail":0},"categories":[3],"tags":[632],"_links":{"self":[{"href":"http:\/\/viacaofortaleza.com.br\/index.php\/wp-json\/wp\/v2\/posts\/6723"}],"collection":[{"href":"http:\/\/viacaofortaleza.com.br\/index.php\/wp-json\/wp\/v2\/posts"}],"about":[{"href":"http:\/\/viacaofortaleza.com.br\/index.php\/wp-json\/wp\/v2\/types\/post"}],"author":[{"embeddable":true,"href":"http:\/\/viacaofortaleza.com.br\/index.php\/wp-json\/wp\/v2\/users\/1"}],"replies":[{"embeddable":true,"href":"http:\/\/viacaofortaleza.com.br\/index.php\/wp-json\/wp\/v2\/comments?post=6723"}],"version-history":[{"count":1,"href":"http:\/\/viacaofortaleza.com.br\/index.php\/wp-json\/wp\/v2\/posts\/6723\/revisions"}],"predecessor-version":[{"id":6725,"href":"http:\/\/viacaofortaleza.com.br\/index.php\/wp-json\/wp\/v2\/posts\/6723\/revisions\/6725"}],"wp:featuredmedia":[{"embeddable":true,"href":"http:\/\/viacaofortaleza.com.br\/index.php\/wp-json\/wp\/v2\/media\/6724"}],"wp:attachment":[{"href":"http:\/\/viacaofortaleza.com.br\/index.php\/wp-json\/wp\/v2\/media?parent=6723"}],"wp:term":[{"taxonomy":"category","embeddable":true,"href":"http:\/\/viacaofortaleza.com.br\/index.php\/wp-json\/wp\/v2\/categories?post=6723"},{"taxonomy":"post_tag","embeddable":true,"href":"http:\/\/viacaofortaleza.com.br\/index.php\/wp-json\/wp\/v2\/tags?post=6723"}],"curies":[{"name":"wp","href":"https:\/\/api.w.org\/{rel}","templated":true}]}}