{"id":6742,"date":"2020-06-20T08:00:46","date_gmt":"2020-06-20T11:00:46","guid":{"rendered":"http:\/\/viacaofortaleza.com.br\/?p=6742"},"modified":"2020-06-04T10:34:52","modified_gmt":"2020-06-04T13:34:52","slug":"dia-nacional-do-vigilante-2","status":"publish","type":"post","link":"http:\/\/viacaofortaleza.com.br\/index.php\/2020\/06\/20\/dia-nacional-do-vigilante-2\/","title":{"rendered":"Dia Nacional do Vigilante"},"content":{"rendered":"<div>20 de junho &#8211; Dia Nacional do Vigilante<\/div>\n<div>&nbsp;<\/div>\n<p>Parab\u00e9ns \u00e0 todos os vigilantes por cumprir sua miss\u00e3o de&nbsp;defender vidas e patrim\u00f4nios com for\u00e7a e dedica\u00e7\u00e3o.<\/p>\n<p>Nossa gratid\u00e3o especial \u00e0 voc\u00eas, Claudemir, Cl\u00e9cio, Fco. Jos\u00e9 Felix, Ozenildo, Roseano,&nbsp;Evangelista, Carlos Pedro e Pedro S\u00e1tiro.<\/p>\n<div>\n<div>&nbsp;<\/div>\n<p>#vigilante #seguran\u00e7a #via\u00e7\u00e3ofortaleza<\/p><\/div>\n","protected":false},"excerpt":{"rendered":"<p>20 de junho &#8211; Dia Nacional do Vigilante &nbsp; Parab\u00e9ns \u00e0 todos os vigilantes por cumprir sua miss\u00e3o de&nbsp;defender vidas e patrim\u00f4nios com for\u00e7a e dedica\u00e7\u00e3o. Nossa gratid\u00e3o especial \u00e0 voc\u00eas, Claudemir, Cl\u00e9cio, Fco. Jos\u00e9 Felix, Ozenildo, Roseano,&nbsp;Evangelista, Carlos Pedro e Pedro S\u00e1tiro. &nbsp; #vigilante #seguran\u00e7a #via\u00e7\u00e3ofortaleza<\/p>\n","protected":false},"author":1,"featured_media":6743,"comment_status":"open","ping_status":"open","sticky":false,"template":"","format":"standard","meta":{"_mi_skip_tracking":false,"_monsterinsights_sitenote_active":false,"_monsterinsights_sitenote_note":"","_monsterinsights_sitenote_category":0,"ngg_post_thumbnail":0},"categories":[3],"tags":[377],"_links":{"self":[{"href":"http:\/\/viacaofortaleza.com.br\/index.php\/wp-json\/wp\/v2\/posts\/6742"}],"collection":[{"href":"http:\/\/viacaofortaleza.com.br\/index.php\/wp-json\/wp\/v2\/posts"}],"about":[{"href":"http:\/\/viacaofortaleza.com.br\/index.php\/wp-json\/wp\/v2\/types\/post"}],"author":[{"embeddable":true,"href":"http:\/\/viacaofortaleza.com.br\/index.php\/wp-json\/wp\/v2\/users\/1"}],"replies":[{"embeddable":true,"href":"http:\/\/viacaofortaleza.com.br\/index.php\/wp-json\/wp\/v2\/comments?post=6742"}],"version-history":[{"count":1,"href":"http:\/\/viacaofortaleza.com.br\/index.php\/wp-json\/wp\/v2\/posts\/6742\/revisions"}],"predecessor-version":[{"id":6744,"href":"http:\/\/viacaofortaleza.com.br\/index.php\/wp-json\/wp\/v2\/posts\/6742\/revisions\/6744"}],"wp:featuredmedia":[{"embeddable":true,"href":"http:\/\/viacaofortaleza.com.br\/index.php\/wp-json\/wp\/v2\/media\/6743"}],"wp:attachment":[{"href":"http:\/\/viacaofortaleza.com.br\/index.php\/wp-json\/wp\/v2\/media?parent=6742"}],"wp:term":[{"taxonomy":"category","embeddable":true,"href":"http:\/\/viacaofortaleza.com.br\/index.php\/wp-json\/wp\/v2\/categories?post=6742"},{"taxonomy":"post_tag","embeddable":true,"href":"http:\/\/viacaofortaleza.com.br\/index.php\/wp-json\/wp\/v2\/tags?post=6742"}],"curies":[{"name":"wp","href":"https:\/\/api.w.org\/{rel}","templated":true}]}}