{"id":6785,"date":"2020-06-18T09:00:24","date_gmt":"2020-06-18T12:00:24","guid":{"rendered":"http:\/\/viacaofortaleza.com.br\/?p=6785"},"modified":"2020-06-30T09:41:34","modified_gmt":"2020-06-30T12:41:34","slug":"uso-obrigatorio-de-mascara-no-transporte-coletivo","status":"publish","type":"post","link":"http:\/\/viacaofortaleza.com.br\/index.php\/2020\/06\/18\/uso-obrigatorio-de-mascara-no-transporte-coletivo\/","title":{"rendered":"Uso Obrigat\u00f3rio de M\u00e1scara no Transporte Coletivo"},"content":{"rendered":"<p>Desde o dia 07\/05\/20, o embarque no transporte coletivo de Fortaleza somente ser\u00e1 permitido com o uso de m\u00e1scara.&nbsp;<span class=\"_5mfr\"><span class=\"_6qdm\">?<\/span><\/span>&nbsp;Eu protejo voc\u00ea. Voc\u00ea me protege.&nbsp;<span class=\"_5mfr\"><span class=\"_6qdm\">\u2764<\/span><\/span><\/p>\n<p><a class=\"_58cn\" href=\"https:\/\/www.facebook.com\/hashtag\/prote%C3%A7%C3%A3o?__eep__=6&amp;source=feed_text&amp;epa=HASHTAG&amp;__xts__%5B0%5D=68.ARC_F4rPtLyGEUAmFznaj1Yu-B_NTqw3Gx1gUQjDLsjcFbtiQbKz4PfjIw9eU5zzpNHxrmwEZPW-oP38Y3U9NqFc6mGY2zslFbhLXwq6NI6Abix1KOfGjfUR8Waa5Fx8jE7fd7BShdhL7nXJmVdyNbwIPpymSWiYC-7xg2noTWpySIHZuCg5VW9wOOkk7CwFCabUjhGKM4F5u_P8l3rKq7h9qEQYiV75h07AETFv6qZbxk1PrqgKUniqMp7qChkT6KGo-oN4a0IYd2PnAY_eiWxsX_b4UvDGHQJXnyNqm2tCOlel7KC9gYmK8D3P7AawSdpa8W157WVVYs8GEWLNkhPj9w&amp;__tn__=%2ANK-R\" data-ft=\"{&quot;type&quot;:104,&quot;tn&quot;:&quot;*N&quot;}\"><span class=\"_5afx\"><span class=\"_58cl _5afz\" aria-label=\"hashtag\">#<\/span><span class=\"_58cm\">prote\u00e7\u00e3o<\/span><\/span><\/a>&nbsp;<a class=\"_58cn\" href=\"https:\/\/www.facebook.com\/hashtag\/combate?__eep__=6&amp;source=feed_text&amp;epa=HASHTAG&amp;__xts__%5B0%5D=68.ARC_F4rPtLyGEUAmFznaj1Yu-B_NTqw3Gx1gUQjDLsjcFbtiQbKz4PfjIw9eU5zzpNHxrmwEZPW-oP38Y3U9NqFc6mGY2zslFbhLXwq6NI6Abix1KOfGjfUR8Waa5Fx8jE7fd7BShdhL7nXJmVdyNbwIPpymSWiYC-7xg2noTWpySIHZuCg5VW9wOOkk7CwFCabUjhGKM4F5u_P8l3rKq7h9qEQYiV75h07AETFv6qZbxk1PrqgKUniqMp7qChkT6KGo-oN4a0IYd2PnAY_eiWxsX_b4UvDGHQJXnyNqm2tCOlel7KC9gYmK8D3P7AawSdpa8W157WVVYs8GEWLNkhPj9w&amp;__tn__=%2ANK-R\" data-ft=\"{&quot;type&quot;:104,&quot;tn&quot;:&quot;*N&quot;}\"><span class=\"_5afx\"><span class=\"_58cl _5afz\" aria-label=\"hashtag\">#<\/span><span class=\"_58cm\">combate<\/span><\/span><\/a><\/p>\n","protected":false},"excerpt":{"rendered":"<p>Desde o dia 07\/05\/20, o embarque no transporte coletivo de Fortaleza somente ser\u00e1 permitido com o uso de m\u00e1scara.&nbsp;?&nbsp;Eu protejo voc\u00ea. Voc\u00ea me protege.&nbsp;\u2764 #prote\u00e7\u00e3o&nbsp;#combate<\/p>\n","protected":false},"author":1,"featured_media":6653,"comment_status":"open","ping_status":"open","sticky":false,"template":"","format":"standard","meta":{"_mi_skip_tracking":false,"_monsterinsights_sitenote_active":false,"_monsterinsights_sitenote_note":"","_monsterinsights_sitenote_category":0,"ngg_post_thumbnail":0},"categories":[1],"tags":[],"_links":{"self":[{"href":"http:\/\/viacaofortaleza.com.br\/index.php\/wp-json\/wp\/v2\/posts\/6785"}],"collection":[{"href":"http:\/\/viacaofortaleza.com.br\/index.php\/wp-json\/wp\/v2\/posts"}],"about":[{"href":"http:\/\/viacaofortaleza.com.br\/index.php\/wp-json\/wp\/v2\/types\/post"}],"author":[{"embeddable":true,"href":"http:\/\/viacaofortaleza.com.br\/index.php\/wp-json\/wp\/v2\/users\/1"}],"replies":[{"embeddable":true,"href":"http:\/\/viacaofortaleza.com.br\/index.php\/wp-json\/wp\/v2\/comments?post=6785"}],"version-history":[{"count":1,"href":"http:\/\/viacaofortaleza.com.br\/index.php\/wp-json\/wp\/v2\/posts\/6785\/revisions"}],"predecessor-version":[{"id":6788,"href":"http:\/\/viacaofortaleza.com.br\/index.php\/wp-json\/wp\/v2\/posts\/6785\/revisions\/6788"}],"wp:featuredmedia":[{"embeddable":true,"href":"http:\/\/viacaofortaleza.com.br\/index.php\/wp-json\/wp\/v2\/media\/6653"}],"wp:attachment":[{"href":"http:\/\/viacaofortaleza.com.br\/index.php\/wp-json\/wp\/v2\/media?parent=6785"}],"wp:term":[{"taxonomy":"category","embeddable":true,"href":"http:\/\/viacaofortaleza.com.br\/index.php\/wp-json\/wp\/v2\/categories?post=6785"},{"taxonomy":"post_tag","embeddable":true,"href":"http:\/\/viacaofortaleza.com.br\/index.php\/wp-json\/wp\/v2\/tags?post=6785"}],"curies":[{"name":"wp","href":"https:\/\/api.w.org\/{rel}","templated":true}]}}