{"id":6789,"date":"2020-06-02T12:30:25","date_gmt":"2020-06-02T15:30:25","guid":{"rendered":"http:\/\/viacaofortaleza.com.br\/?p=6789"},"modified":"2020-06-30T09:46:45","modified_gmt":"2020-06-30T12:46:45","slug":"teste-covid-19","status":"publish","type":"post","link":"http:\/\/viacaofortaleza.com.br\/index.php\/2020\/06\/02\/teste-covid-19\/","title":{"rendered":"Teste COVID-19"},"content":{"rendered":"<p>ATEN\u00c7\u00c3O MOTORISTAS!<\/p>\n<p>O Sest Senat estar\u00e1 aplicando testes r\u00e1pidos e gratuitos de COVID-19 para motoristas profissionais, de 08 a 12 de junho.<\/p>\n<p>OS COLABORADORES INTERESSADOS&nbsp;<span class=\"text_exposed_show\">EM FAZER O TESTE, DEVEM FAZER O AGENDAMENTO ATRAV\u00c9S DO TELEFONE 3304-4109, A PARTIR DO DIA 03\/06.<\/span><\/p>\n<div class=\"text_exposed_show\">\n<p><a class=\"_58cn\" href=\"https:\/\/www.facebook.com\/hashtag\/combateacovid?__eep__=6&amp;source=feed_text&amp;epa=HASHTAG&amp;__xts__%5B0%5D=68.ARBTffIaiQ3JZFndOavmLkikuMGK-JHfaiblFvTtgrogYKM9GPdWJ1NMfbVGFsBFY1c-j9XHaBvyBYPtkfsLzaiY9FhGwNUDykzZpAWOHgsw-cjsN3e2qFWafn4X-NZB2QoqAd1LVQOB71NVkPfkGGPB2GurZMl_Mjr2lt7DkoGsbgOR_VMZzW3iYqvKYHj2FTm4d90Oxr_zLwY56ZvKinVNCpHtRRvYdDXooEslu9-STpuy-FFxwqHeGjfyb7sl0IeLIhd4QpanJhZMrMhQ32HDuGDxKLFE9NtDYx0fzypaRS2YTnBuhlQZAvdVuU1403_tNnVW8435unaUeVnQjUVH_A&amp;__tn__=%2ANK-R\" data-ft=\"{&quot;type&quot;:104,&quot;tn&quot;:&quot;*N&quot;}\"><span class=\"_5afx\"><span class=\"_58cl _5afz\" aria-label=\"hashtag\">#<\/span><span class=\"_58cm\">combateacovid<\/span><\/span><\/a>-19&nbsp;<a class=\"_58cn\" href=\"https:\/\/www.facebook.com\/hashtag\/sestsenat?__eep__=6&amp;source=feed_text&amp;epa=HASHTAG&amp;__xts__%5B0%5D=68.ARBTffIaiQ3JZFndOavmLkikuMGK-JHfaiblFvTtgrogYKM9GPdWJ1NMfbVGFsBFY1c-j9XHaBvyBYPtkfsLzaiY9FhGwNUDykzZpAWOHgsw-cjsN3e2qFWafn4X-NZB2QoqAd1LVQOB71NVkPfkGGPB2GurZMl_Mjr2lt7DkoGsbgOR_VMZzW3iYqvKYHj2FTm4d90Oxr_zLwY56ZvKinVNCpHtRRvYdDXooEslu9-STpuy-FFxwqHeGjfyb7sl0IeLIhd4QpanJhZMrMhQ32HDuGDxKLFE9NtDYx0fzypaRS2YTnBuhlQZAvdVuU1403_tNnVW8435unaUeVnQjUVH_A&amp;__tn__=%2ANK-R\" data-ft=\"{&quot;type&quot;:104,&quot;tn&quot;:&quot;*N&quot;}\"><span class=\"_5afx\"><span class=\"_58cl _5afz\" aria-label=\"hashtag\">#<\/span><span class=\"_58cm\">sestsenat<\/span><\/span><\/a><\/p>\n<\/div>\n","protected":false},"excerpt":{"rendered":"<p>ATEN\u00c7\u00c3O MOTORISTAS! O Sest Senat estar\u00e1 aplicando testes r\u00e1pidos e gratuitos de COVID-19 para motoristas profissionais, de 08 a 12 de junho. OS COLABORADORES INTERESSADOS&nbsp;EM FAZER O TESTE, DEVEM FAZER O AGENDAMENTO ATRAV\u00c9S DO TELEFONE 3304-4109, A PARTIR DO DIA 03\/06. #combateacovid-19&nbsp;#sestsenat<\/p>\n","protected":false},"author":1,"featured_media":6790,"comment_status":"open","ping_status":"open","sticky":false,"template":"","format":"standard","meta":{"_mi_skip_tracking":false,"_monsterinsights_sitenote_active":false,"_monsterinsights_sitenote_note":"","_monsterinsights_sitenote_category":0,"ngg_post_thumbnail":0},"categories":[12],"tags":[637],"_links":{"self":[{"href":"http:\/\/viacaofortaleza.com.br\/index.php\/wp-json\/wp\/v2\/posts\/6789"}],"collection":[{"href":"http:\/\/viacaofortaleza.com.br\/index.php\/wp-json\/wp\/v2\/posts"}],"about":[{"href":"http:\/\/viacaofortaleza.com.br\/index.php\/wp-json\/wp\/v2\/types\/post"}],"author":[{"embeddable":true,"href":"http:\/\/viacaofortaleza.com.br\/index.php\/wp-json\/wp\/v2\/users\/1"}],"replies":[{"embeddable":true,"href":"http:\/\/viacaofortaleza.com.br\/index.php\/wp-json\/wp\/v2\/comments?post=6789"}],"version-history":[{"count":1,"href":"http:\/\/viacaofortaleza.com.br\/index.php\/wp-json\/wp\/v2\/posts\/6789\/revisions"}],"predecessor-version":[{"id":6792,"href":"http:\/\/viacaofortaleza.com.br\/index.php\/wp-json\/wp\/v2\/posts\/6789\/revisions\/6792"}],"wp:featuredmedia":[{"embeddable":true,"href":"http:\/\/viacaofortaleza.com.br\/index.php\/wp-json\/wp\/v2\/media\/6790"}],"wp:attachment":[{"href":"http:\/\/viacaofortaleza.com.br\/index.php\/wp-json\/wp\/v2\/media?parent=6789"}],"wp:term":[{"taxonomy":"category","embeddable":true,"href":"http:\/\/viacaofortaleza.com.br\/index.php\/wp-json\/wp\/v2\/categories?post=6789"},{"taxonomy":"post_tag","embeddable":true,"href":"http:\/\/viacaofortaleza.com.br\/index.php\/wp-json\/wp\/v2\/tags?post=6789"}],"curies":[{"name":"wp","href":"https:\/\/api.w.org\/{rel}","templated":true}]}}