{"id":6794,"date":"2020-06-23T08:30:22","date_gmt":"2020-06-23T11:30:22","guid":{"rendered":"http:\/\/viacaofortaleza.com.br\/?p=6794"},"modified":"2020-06-30T09:48:19","modified_gmt":"2020-06-30T12:48:19","slug":"ead-sest-senat","status":"publish","type":"post","link":"http:\/\/viacaofortaleza.com.br\/index.php\/2020\/06\/23\/ead-sest-senat\/","title":{"rendered":"EAD Sest Senat"},"content":{"rendered":"<p style=\"margin-bottom: 6px; font-family: Helvetica, Arial, sans-serif; color: #1c1e21; font-size: 14px; background-color: #ffffff;\">\u00c9 importante mantermos atitudes individuais e coletivas para a preserva\u00e7\u00e3o dos recursos naturais do planeta. Por isso, separamos alguns cursos da plataforma EaD do SEST SENAT para lhe inspirar a cuidar do meio ambiente:&nbsp;<span class=\"_5mfr\" style=\"margin-right: 1px; margin-left: 1px; font-family: inherit;\"><span class=\"_6qdm\" style=\"background-repeat: no-repeat; background-size: contain; color: transparent; display: inline-block; text-shadow: none; vertical-align: text-bottom; font-family: inherit; height: 16px; width: 16px; font-size: 16px; background-image: url('https:\/\/static.xx.fbcdn.net\/images\/emoji.php\/v9\/te8\/1.5\/16\/1f469.png');\">?<\/span><\/span><span class=\"_5mfr\" style=\"margin-right: 1px; margin-left: 1px; font-family: inherit;\"><span class=\"_6qdm\" style=\"background-repeat: no-repeat; background-size: contain; color: transparent; display: inline-block; text-shadow: none; vertical-align: text-bottom; font-family: inherit; height: 16px; width: 16px; font-size: 16px; background-image: url('https:\/\/static.xx.fbcdn.net\/images\/emoji.php\/v9\/te5\/1.5\/16\/1f4bb.png');\">?<\/span><\/span><span class=\"_5mfr\" style=\"margin-right: 1px; margin-left: 1px; font-family: inherit;\"><span class=\"_6qdm\" style=\"background-repeat: no-repeat; background-size: contain; color: transparent; display: inline-block; text-shadow: none; vertical-align: text-bottom; font-family: inherit; height: 16px; width: 16px; font-size: 16px; background-image: url('https:\/\/static.xx.fbcdn.net\/images\/emoji.php\/v9\/t67\/1.5\/16\/1f468.png');\">?<\/span><\/span><span class=\"_5mfr\" style=\"margin-right: 1px; margin-left: 1px; font-family: inherit;\"><span class=\"_6qdm\" style=\"background-repeat: no-repeat; background-size: contain; color: transparent; display: inline-block; text-shadow: none; vertical-align: text-bottom; font-family: inherit; height: 16px; width: 16px; font-size: 16px; background-image: url('https:\/\/static.xx.fbcdn.net\/images\/emoji.php\/v9\/te5\/1.5\/16\/1f4bb.png');\">?<\/span><\/span><a style=\"color: #385898; cursor: pointer; text-decoration-line: none; font-family: inherit;\" href=\"https:\/\/ead.sestsenat.org.br\/?fbclid=IwAR1RUZD8yUkEaRJ1b0ZZMt2MsqkGttXD4If2le9AELSmPdVO-373BOfC3v4\" target=\"_blank\" rel=\"noopener nofollow\" data-ft=\"{&quot;tn&quot;:&quot;-U&quot;}\" data-lynx-mode=\"async\" data-lynx-uri=\"https:\/\/l.facebook.com\/l.php?u=https%3A%2F%2Fead.sestsenat.org.br%2F%3Ffbclid%3DIwAR1RUZD8yUkEaRJ1b0ZZMt2MsqkGttXD4If2le9AELSmPdVO-373BOfC3v4&amp;h=AT2ghU0iyA5GeMLVuam-joQyfMh7nPDXQ9hzL1QZ9f2UY2aZeI-Tn496_Igalvs1mp1165imDqvTsiwgHZueHkoK1o5jYQin4u84N6v5FCCriFbuz863FD5gJjlFC4Fc4Qvt0dA4IbHLzD3ulydSwgg1iRMSfTQ2ccmWCEbt-ju-GdEFHY3njTYuZV95b9XU6kYmp5l7lHYkZcp01bBmo9P_0eGW6xovI-axljIgdkbGHIHdtLUF92OxY2F3QveRNPKiY-N_YSlBzo3OpKykbo82kv_ke-6qQ9SvVvxm78v9hF0Jps4Z6mAFzxfadzhQ3WJE8RnQIHGudVyIbS8Hxrpzu6To80aJbkBW82jlvVDTJsXSVcoiYOm_7xP2ZY8VE-vbiNbbz_OUHKiy70V5fYPh9M-OAHf_uPLUGFzvTYiHWXDGc-o4WoOH9UdOMc_ZsZoVvZ9pR2XPSnY_ILIOyIUA_pWNSj4LaKA77m5Pf_4sT3XoxirnKPMwxpefnFpq-JQMVE0fPp0ZrTwLi5i1gFs6zZfZRdnMonhoRmKLEYazmSCZiv5kA9x8ZV3JCwGdfE1XHNfXXIE8uNJfTw92fXS26Y3GLgkcBgT3TUkgiOUTNJeB1btXIfmecenuf8KzOBWe\">https:\/\/ead.sestsenat.org.br\/<\/a>\u2026\/meio-ambiente-e-sustentabil\u2026\/<\/p>\n<p style=\"margin-top: 6px; margin-bottom: 6px; font-family: Helvetica, Arial, sans-serif; color: #1c1e21; font-size: 14px; background-color: #ffffff;\"><span class=\"_5mfr\" style=\"margin-right: 1px; margin-left: 1px; font-family: inherit;\"><span class=\"_6qdm\" style=\"background-repeat: no-repeat; background-size: contain; color: transparent; display: inline-block; text-shadow: none; vertical-align: text-bottom; font-family: inherit; height: 16px; width: 16px; font-size: 16px; background-image: url('https:\/\/static.xx.fbcdn.net\/images\/emoji.php\/v9\/t5a\/1.5\/16\/1f3a7.png');\">?<\/span><\/span>&nbsp;Ou\u00e7a, tamb\u00e9m, o podcast que aborda a import\u00e2ncia da preserva\u00e7\u00e3o do meio ambiente:&nbsp;<a style=\"color: #385898; cursor: pointer; text-decoration-line: none; font-family: inherit;\" href=\"https:\/\/bit.ly\/pod-despoluir?fbclid=IwAR1s4FiKDNkg4u46qpg9gty1JpbrSWavobLKBzlFC1Yjf1uqEOr0OAgBHjo\" target=\"_blank\" rel=\"noopener nofollow\" data-ft=\"{&quot;tn&quot;:&quot;-U&quot;}\" data-lynx-mode=\"async\" data-lynx-uri=\"https:\/\/l.facebook.com\/l.php?u=https%3A%2F%2Fbit.ly%2Fpod-despoluir%3Ffbclid%3DIwAR1s4FiKDNkg4u46qpg9gty1JpbrSWavobLKBzlFC1Yjf1uqEOr0OAgBHjo&amp;h=AT2A1KXD7m-U5AiCopTezMHCDFrHtosTF32n81dAREDa5rQfrQIC5zdY-pDtHwKPeLQUO2QMXnnC8EM5ujzu4yAN-xvq7lGV5a3dVkmqDkHLsG_WwMwV0uk9W4QfqFZ1p9HOKDaaLQMo7YiF-EQSLm6fXLLI8eDWRMSgOd0ddbGsS7KCs40Oa0bNfy7StrP7uU_x8jFel7kgh0Zlzuz9L4-64BE0MfL4IN2iEm_qIqwqv2S69utjSf9TllRCbZWvvL6ZDbyoTTKW81rWhQRfcBpm3NiAlgY_hnIryKMXAvEHyMTVgbKTmAPhsJ2IVP3Jm3Tu4BfNqcVkXZbS1xxDU1Z_ad8Py1KBA8IiV4c-nAcTiM_uJptaZeKeVYnTCG_0Q9KVUajHTdEOLtNgp5TwXE3twapt6tQWjCrkMtfoWLjf3SSOuJPGe04HxgSDNj_L-GLZbRpUAlmg8lnlEgW2VWDfBxqDyu6y3jKgsiBpBy8k8BPVrqSC3qpMA66B9RywzQwq8TkCtjcWKglvMNNc8eVQfKf9GUOLnr45wNIgOnmVCqrK4NKomED9QSG4j38TSGVRjG0CJ13PCt9tADZGgh2Yhud0sMgRjLMAcXp2LKjln6w4NVMTvPaxGK24xCn56PDq\">https:\/\/bit.ly\/pod-despoluir<\/a><\/p>\n<p>&nbsp;<\/p>\n<p style=\"margin-top: 6px; display: inline; font-family: Helvetica, Arial, sans-serif; color: #1c1e21; font-size: 14px; background-color: #ffffff;\">Voc\u00ea tamb\u00e9m pode assumir o seu papel na constru\u00e7\u00e3o de um mundo ambientalmente mais equilibrado.&nbsp;<span class=\"_5mfr\" style=\"margin-right: 1px; margin-left: 1px; font-family: inherit;\"><span class=\"_6qdm\" style=\"background-repeat: no-repeat; background-size: contain; color: transparent; display: inline-block; text-shadow: none; vertical-align: text-bottom; font-family: inherit; height: 16px; width: 16px; font-size: 16px; background-image: url('https:\/\/static.xx.fbcdn.net\/images\/emoji.php\/v9\/td2\/1.5\/16\/1f44a.png');\">?<\/span><\/span><span class=\"_5mfr\" style=\"margin-right: 1px; margin-left: 1px; font-family: inherit;\"><span class=\"_6qdm\" style=\"background-repeat: no-repeat; background-size: contain; color: transparent; display: inline-block; text-shadow: none; vertical-align: text-bottom; font-family: inherit; height: 16px; width: 16px; font-size: 16px; background-image: url('https:\/\/static.xx.fbcdn.net\/images\/emoji.php\/v9\/tba\/1.5\/16\/2705.png');\">\u2705<\/span><\/span><\/p>\n","protected":false},"excerpt":{"rendered":"<p>\u00c9 importante mantermos atitudes individuais e coletivas para a preserva\u00e7\u00e3o dos recursos naturais do planeta. Por isso, separamos alguns cursos da plataforma EaD do SEST SENAT para lhe inspirar a cuidar do meio ambiente:&nbsp;????https:\/\/ead.sestsenat.org.br\/\u2026\/meio-ambiente-e-sustentabil\u2026\/ ?&nbsp;Ou\u00e7a, tamb\u00e9m, o podcast que aborda a import\u00e2ncia da preserva\u00e7\u00e3o do meio ambiente:&nbsp;https:\/\/bit.ly\/pod-despoluir &nbsp; Voc\u00ea tamb\u00e9m pode assumir o seu papel&hellip; <br \/> <a class=\"read-more\" href=\"http:\/\/viacaofortaleza.com.br\/index.php\/2020\/06\/23\/ead-sest-senat\/\">Leia mais<\/a><\/p>\n","protected":false},"author":1,"featured_media":6796,"comment_status":"open","ping_status":"open","sticky":false,"template":"","format":"standard","meta":{"_mi_skip_tracking":false,"_monsterinsights_sitenote_active":false,"_monsterinsights_sitenote_note":"","_monsterinsights_sitenote_category":0,"ngg_post_thumbnail":0},"categories":[1],"tags":[639],"_links":{"self":[{"href":"http:\/\/viacaofortaleza.com.br\/index.php\/wp-json\/wp\/v2\/posts\/6794"}],"collection":[{"href":"http:\/\/viacaofortaleza.com.br\/index.php\/wp-json\/wp\/v2\/posts"}],"about":[{"href":"http:\/\/viacaofortaleza.com.br\/index.php\/wp-json\/wp\/v2\/types\/post"}],"author":[{"embeddable":true,"href":"http:\/\/viacaofortaleza.com.br\/index.php\/wp-json\/wp\/v2\/users\/1"}],"replies":[{"embeddable":true,"href":"http:\/\/viacaofortaleza.com.br\/index.php\/wp-json\/wp\/v2\/comments?post=6794"}],"version-history":[{"count":1,"href":"http:\/\/viacaofortaleza.com.br\/index.php\/wp-json\/wp\/v2\/posts\/6794\/revisions"}],"predecessor-version":[{"id":6797,"href":"http:\/\/viacaofortaleza.com.br\/index.php\/wp-json\/wp\/v2\/posts\/6794\/revisions\/6797"}],"wp:featuredmedia":[{"embeddable":true,"href":"http:\/\/viacaofortaleza.com.br\/index.php\/wp-json\/wp\/v2\/media\/6796"}],"wp:attachment":[{"href":"http:\/\/viacaofortaleza.com.br\/index.php\/wp-json\/wp\/v2\/media?parent=6794"}],"wp:term":[{"taxonomy":"category","embeddable":true,"href":"http:\/\/viacaofortaleza.com.br\/index.php\/wp-json\/wp\/v2\/categories?post=6794"},{"taxonomy":"post_tag","embeddable":true,"href":"http:\/\/viacaofortaleza.com.br\/index.php\/wp-json\/wp\/v2\/tags?post=6794"}],"curies":[{"name":"wp","href":"https:\/\/api.w.org\/{rel}","templated":true}]}}