{"id":6799,"date":"2020-07-09T09:00:13","date_gmt":"2020-07-09T12:00:13","guid":{"rendered":"http:\/\/viacaofortaleza.com.br\/?p=6799"},"modified":"2020-06-30T10:00:33","modified_gmt":"2020-06-30T13:00:33","slug":"uso-obrigatorio-de-mascara-no-transporte-coletivo-2","status":"publish","type":"post","link":"http:\/\/viacaofortaleza.com.br\/index.php\/2020\/07\/09\/uso-obrigatorio-de-mascara-no-transporte-coletivo-2\/","title":{"rendered":"Uso Obrigat\u00f3rio de M\u00e1scara no Transporte Coletivo"},"content":{"rendered":"<p>Desde o dia 07\/05\/20, o embarque no transporte coletivo de Fortaleza somente ser\u00e1 permitido com o uso de m\u00e1scara.&nbsp;<span class=\"_5mfr\"><span class=\"_6qdm\">?<\/span><\/span>&nbsp;Eu protejo voc\u00ea. Voc\u00ea me protege.&nbsp;<span class=\"_5mfr\"><span class=\"_6qdm\">\u2764<\/span><\/span><\/p>\n<p><a class=\"_58cn\" href=\"https:\/\/www.facebook.com\/hashtag\/prote%C3%A7%C3%A3o?__eep__=6&amp;source=feed_text&amp;epa=HASHTAG&amp;__xts__%5B0%5D=68.ARBsBW6JpKuHA8pIIOq8rDyVSDafwIBLsk8zAj-U5Q-ZV7B5IfT72E6JGlzeP2f8MAAqFGliuktWTc9oc-M4GV2hpNKsCDJNWZIVnnhKbojB1rGIsqIcAyLLArvdTcfvOLGhCWt55Guc_rkVj-zbM4IQjK4EHJwcjRBTCXkuXuozxygmZd5lfB9zJgO0HQVCXvO0QKFTTYeKaDcMEuob-uLlTQ5guIcZouZhDAgKwOXt-06NXtIgHLvMp6HFWLlEa6ZurVNZXJGaEyouQk_YhXTRyQ7U4VBmBfoIQyZ6EUImakLrgSmM2FOzCR6l80yQNOs2&amp;__tn__=%2ANK-R-R\" data-ft=\"{&quot;type&quot;:104,&quot;tn&quot;:&quot;*N&quot;}\"><span class=\"_5afx\"><span class=\"_58cl _5afz\" aria-label=\"hashtag\">#<\/span><span class=\"_58cm\">prote\u00e7\u00e3o<\/span><\/span><\/a>&nbsp;<a class=\"_58cn\" href=\"https:\/\/www.facebook.com\/hashtag\/combate?__eep__=6&amp;source=feed_text&amp;epa=HASHTAG&amp;__xts__%5B0%5D=68.ARBsBW6JpKuHA8pIIOq8rDyVSDafwIBLsk8zAj-U5Q-ZV7B5IfT72E6JGlzeP2f8MAAqFGliuktWTc9oc-M4GV2hpNKsCDJNWZIVnnhKbojB1rGIsqIcAyLLArvdTcfvOLGhCWt55Guc_rkVj-zbM4IQjK4EHJwcjRBTCXkuXuozxygmZd5lfB9zJgO0HQVCXvO0QKFTTYeKaDcMEuob-uLlTQ5guIcZouZhDAgKwOXt-06NXtIgHLvMp6HFWLlEa6ZurVNZXJGaEyouQk_YhXTRyQ7U4VBmBfoIQyZ6EUImakLrgSmM2FOzCR6l80yQNOs2&amp;__tn__=%2ANK-R-R\" data-ft=\"{&quot;type&quot;:104,&quot;tn&quot;:&quot;*N&quot;}\"><span class=\"_5afx\"><span class=\"_58cl _5afz\" aria-label=\"hashtag\">#<\/span><span class=\"_58cm\">combate<\/span><\/span><\/a><\/p>\n","protected":false},"excerpt":{"rendered":"<p>Desde o dia 07\/05\/20, o embarque no transporte coletivo de Fortaleza somente ser\u00e1 permitido com o uso de m\u00e1scara.&nbsp;?&nbsp;Eu protejo voc\u00ea. Voc\u00ea me protege.&nbsp;\u2764 #prote\u00e7\u00e3o&nbsp;#combate<\/p>\n","protected":false},"author":1,"featured_media":6653,"comment_status":"open","ping_status":"open","sticky":false,"template":"","format":"standard","meta":{"_mi_skip_tracking":false,"_monsterinsights_sitenote_active":false,"_monsterinsights_sitenote_note":"","_monsterinsights_sitenote_category":0,"ngg_post_thumbnail":0},"categories":[12,1],"tags":[640],"_links":{"self":[{"href":"http:\/\/viacaofortaleza.com.br\/index.php\/wp-json\/wp\/v2\/posts\/6799"}],"collection":[{"href":"http:\/\/viacaofortaleza.com.br\/index.php\/wp-json\/wp\/v2\/posts"}],"about":[{"href":"http:\/\/viacaofortaleza.com.br\/index.php\/wp-json\/wp\/v2\/types\/post"}],"author":[{"embeddable":true,"href":"http:\/\/viacaofortaleza.com.br\/index.php\/wp-json\/wp\/v2\/users\/1"}],"replies":[{"embeddable":true,"href":"http:\/\/viacaofortaleza.com.br\/index.php\/wp-json\/wp\/v2\/comments?post=6799"}],"version-history":[{"count":1,"href":"http:\/\/viacaofortaleza.com.br\/index.php\/wp-json\/wp\/v2\/posts\/6799\/revisions"}],"predecessor-version":[{"id":6801,"href":"http:\/\/viacaofortaleza.com.br\/index.php\/wp-json\/wp\/v2\/posts\/6799\/revisions\/6801"}],"wp:featuredmedia":[{"embeddable":true,"href":"http:\/\/viacaofortaleza.com.br\/index.php\/wp-json\/wp\/v2\/media\/6653"}],"wp:attachment":[{"href":"http:\/\/viacaofortaleza.com.br\/index.php\/wp-json\/wp\/v2\/media?parent=6799"}],"wp:term":[{"taxonomy":"category","embeddable":true,"href":"http:\/\/viacaofortaleza.com.br\/index.php\/wp-json\/wp\/v2\/categories?post=6799"},{"taxonomy":"post_tag","embeddable":true,"href":"http:\/\/viacaofortaleza.com.br\/index.php\/wp-json\/wp\/v2\/tags?post=6799"}],"curies":[{"name":"wp","href":"https:\/\/api.w.org\/{rel}","templated":true}]}}