{"id":6802,"date":"2020-07-30T09:00:15","date_gmt":"2020-07-30T12:00:15","guid":{"rendered":"http:\/\/viacaofortaleza.com.br\/?p=6802"},"modified":"2020-06-30T10:02:25","modified_gmt":"2020-06-30T13:02:25","slug":"uso-obrigatorio-de-mascara-no-transporte-coletivo-3","status":"publish","type":"post","link":"http:\/\/viacaofortaleza.com.br\/index.php\/2020\/07\/30\/uso-obrigatorio-de-mascara-no-transporte-coletivo-3\/","title":{"rendered":"Uso Obrigat\u00f3rio de M\u00e1scara no Transporte Coletivo"},"content":{"rendered":"<p>Desde o dia 07\/05\/20, o embarque no transporte coletivo de Fortaleza somente ser\u00e1 permitido com o uso de m\u00e1scara.&nbsp;?&nbsp;Eu protejo voc\u00ea. Voc\u00ea me protege.&nbsp;\u2764<\/p>\n<p>#prote\u00e7\u00e3o&nbsp;#combate<\/p>\n","protected":false},"excerpt":{"rendered":"<p>Desde o dia 07\/05\/20, o embarque no transporte coletivo de Fortaleza somente ser\u00e1 permitido com o uso de m\u00e1scara.&nbsp;?&nbsp;Eu protejo voc\u00ea. Voc\u00ea me protege.&nbsp;\u2764 #prote\u00e7\u00e3o&nbsp;#combate<\/p>\n","protected":false},"author":1,"featured_media":6653,"comment_status":"open","ping_status":"open","sticky":false,"template":"","format":"standard","meta":{"_mi_skip_tracking":false,"_monsterinsights_sitenote_active":false,"_monsterinsights_sitenote_note":"","_monsterinsights_sitenote_category":0,"ngg_post_thumbnail":0},"categories":[12,1],"tags":[640],"_links":{"self":[{"href":"http:\/\/viacaofortaleza.com.br\/index.php\/wp-json\/wp\/v2\/posts\/6802"}],"collection":[{"href":"http:\/\/viacaofortaleza.com.br\/index.php\/wp-json\/wp\/v2\/posts"}],"about":[{"href":"http:\/\/viacaofortaleza.com.br\/index.php\/wp-json\/wp\/v2\/types\/post"}],"author":[{"embeddable":true,"href":"http:\/\/viacaofortaleza.com.br\/index.php\/wp-json\/wp\/v2\/users\/1"}],"replies":[{"embeddable":true,"href":"http:\/\/viacaofortaleza.com.br\/index.php\/wp-json\/wp\/v2\/comments?post=6802"}],"version-history":[{"count":1,"href":"http:\/\/viacaofortaleza.com.br\/index.php\/wp-json\/wp\/v2\/posts\/6802\/revisions"}],"predecessor-version":[{"id":6803,"href":"http:\/\/viacaofortaleza.com.br\/index.php\/wp-json\/wp\/v2\/posts\/6802\/revisions\/6803"}],"wp:featuredmedia":[{"embeddable":true,"href":"http:\/\/viacaofortaleza.com.br\/index.php\/wp-json\/wp\/v2\/media\/6653"}],"wp:attachment":[{"href":"http:\/\/viacaofortaleza.com.br\/index.php\/wp-json\/wp\/v2\/media?parent=6802"}],"wp:term":[{"taxonomy":"category","embeddable":true,"href":"http:\/\/viacaofortaleza.com.br\/index.php\/wp-json\/wp\/v2\/categories?post=6802"},{"taxonomy":"post_tag","embeddable":true,"href":"http:\/\/viacaofortaleza.com.br\/index.php\/wp-json\/wp\/v2\/tags?post=6802"}],"curies":[{"name":"wp","href":"https:\/\/api.w.org\/{rel}","templated":true}]}}