{"id":6804,"date":"2020-07-03T09:00:44","date_gmt":"2020-07-03T12:00:44","guid":{"rendered":"http:\/\/viacaofortaleza.com.br\/?p=6804"},"modified":"2020-06-30T10:05:21","modified_gmt":"2020-06-30T13:05:21","slug":"dica-de-leitura-a-sombra-do-vento","status":"publish","type":"post","link":"http:\/\/viacaofortaleza.com.br\/index.php\/2020\/07\/03\/dica-de-leitura-a-sombra-do-vento\/","title":{"rendered":"Dica de Leitura &#8211; A Sombra do Vento"},"content":{"rendered":"<p>A #DicaDeLeitura de hoje \u00e9 o livro \u2018A Sombra do Vento\u2019, de Carlos Ruiz Zaf\u00f3n.<\/p>\n<p>Tudo come\u00e7a em Barcelona, em 1945. Daniel Sempere est\u00e1 completando 11 anos. Ao ver o filho triste por n\u00e3o conseguir mais se lembrar do rosto da m\u00e3e j\u00e1 morta, seu pai lhe d\u00e1 um presente inesquec\u00edvel: em uma madrugada fantasmag\u00f3rica, leva-o a um misterioso lugar no cora\u00e7\u00e3o do centro hist\u00f3rico da cidade, o Cemit\u00e9rio dos Livros Esquecidos.<\/p>\n<p>#dicadeleitura<\/p>\n","protected":false},"excerpt":{"rendered":"<p>A #DicaDeLeitura de hoje \u00e9 o livro \u2018A Sombra do Vento\u2019, de Carlos Ruiz Zaf\u00f3n. Tudo come\u00e7a em Barcelona, em 1945. Daniel Sempere est\u00e1 completando 11 anos. Ao ver o filho triste por n\u00e3o conseguir mais se lembrar do rosto da m\u00e3e j\u00e1 morta, seu pai lhe d\u00e1 um presente inesquec\u00edvel: em uma madrugada fantasmag\u00f3rica,&hellip; <br \/> <a class=\"read-more\" href=\"http:\/\/viacaofortaleza.com.br\/index.php\/2020\/07\/03\/dica-de-leitura-a-sombra-do-vento\/\">Leia mais<\/a><\/p>\n","protected":false},"author":1,"featured_media":6779,"comment_status":"open","ping_status":"open","sticky":false,"template":"","format":"standard","meta":{"_mi_skip_tracking":false,"_monsterinsights_sitenote_active":false,"_monsterinsights_sitenote_note":"","_monsterinsights_sitenote_category":0,"ngg_post_thumbnail":0},"categories":[359],"tags":[641],"_links":{"self":[{"href":"http:\/\/viacaofortaleza.com.br\/index.php\/wp-json\/wp\/v2\/posts\/6804"}],"collection":[{"href":"http:\/\/viacaofortaleza.com.br\/index.php\/wp-json\/wp\/v2\/posts"}],"about":[{"href":"http:\/\/viacaofortaleza.com.br\/index.php\/wp-json\/wp\/v2\/types\/post"}],"author":[{"embeddable":true,"href":"http:\/\/viacaofortaleza.com.br\/index.php\/wp-json\/wp\/v2\/users\/1"}],"replies":[{"embeddable":true,"href":"http:\/\/viacaofortaleza.com.br\/index.php\/wp-json\/wp\/v2\/comments?post=6804"}],"version-history":[{"count":1,"href":"http:\/\/viacaofortaleza.com.br\/index.php\/wp-json\/wp\/v2\/posts\/6804\/revisions"}],"predecessor-version":[{"id":6806,"href":"http:\/\/viacaofortaleza.com.br\/index.php\/wp-json\/wp\/v2\/posts\/6804\/revisions\/6806"}],"wp:featuredmedia":[{"embeddable":true,"href":"http:\/\/viacaofortaleza.com.br\/index.php\/wp-json\/wp\/v2\/media\/6779"}],"wp:attachment":[{"href":"http:\/\/viacaofortaleza.com.br\/index.php\/wp-json\/wp\/v2\/media?parent=6804"}],"wp:term":[{"taxonomy":"category","embeddable":true,"href":"http:\/\/viacaofortaleza.com.br\/index.php\/wp-json\/wp\/v2\/categories?post=6804"},{"taxonomy":"post_tag","embeddable":true,"href":"http:\/\/viacaofortaleza.com.br\/index.php\/wp-json\/wp\/v2\/tags?post=6804"}],"curies":[{"name":"wp","href":"https:\/\/api.w.org\/{rel}","templated":true}]}}