{"id":6807,"date":"2020-07-17T09:00:09","date_gmt":"2020-07-17T12:00:09","guid":{"rendered":"http:\/\/viacaofortaleza.com.br\/?p=6807"},"modified":"2020-06-30T10:08:47","modified_gmt":"2020-06-30T13:08:47","slug":"dica-de-leitura-feliz-por-nada","status":"publish","type":"post","link":"http:\/\/viacaofortaleza.com.br\/index.php\/2020\/07\/17\/dica-de-leitura-feliz-por-nada\/","title":{"rendered":"Dica de Leitura &#8211; Feliz por Nada"},"content":{"rendered":"<p>A #DicaDeLeitura de hoje \u00e9 o livro \u2018Feliz por Nada\u2019, de Martha Medeiros.<\/p>\n<p>\u00c9 com a for\u00e7a transformadora de um abra\u00e7o que Martha Medeiros abre este novo livro de cr\u00f4nicas e \u00e9 com a mesma singeleza e olhar arguto para o cotidiano que a escritora ilumina algumas das quest\u00f5es mais urgentes do s\u00e9culo XXI. A destacada romancista, cronista e poeta, que j\u00e1 teve obras adaptadas para o cinema, para a tev\u00ea e para o teatro, fala aos leitores com a sinceridade de um amigo e materializa as ang\u00fastias e os anseios da sociedade p\u00f3s-tudo, que vive acuada sob o grande limitador do tempo.<\/p>\n<p>#dicadeleitura<\/p>\n","protected":false},"excerpt":{"rendered":"<p>A #DicaDeLeitura de hoje \u00e9 o livro \u2018Feliz por Nada\u2019, de Martha Medeiros. \u00c9 com a for\u00e7a transformadora de um abra\u00e7o que Martha Medeiros abre este novo livro de cr\u00f4nicas e \u00e9 com a mesma singeleza e olhar arguto para o cotidiano que a escritora ilumina algumas das quest\u00f5es mais urgentes do s\u00e9culo XXI. A&hellip; <br \/> <a class=\"read-more\" href=\"http:\/\/viacaofortaleza.com.br\/index.php\/2020\/07\/17\/dica-de-leitura-feliz-por-nada\/\">Leia mais<\/a><\/p>\n","protected":false},"author":1,"featured_media":6809,"comment_status":"open","ping_status":"open","sticky":false,"template":"","format":"standard","meta":{"_mi_skip_tracking":false,"_monsterinsights_sitenote_active":false,"_monsterinsights_sitenote_note":"","_monsterinsights_sitenote_category":0,"ngg_post_thumbnail":0},"categories":[359],"tags":[645],"_links":{"self":[{"href":"http:\/\/viacaofortaleza.com.br\/index.php\/wp-json\/wp\/v2\/posts\/6807"}],"collection":[{"href":"http:\/\/viacaofortaleza.com.br\/index.php\/wp-json\/wp\/v2\/posts"}],"about":[{"href":"http:\/\/viacaofortaleza.com.br\/index.php\/wp-json\/wp\/v2\/types\/post"}],"author":[{"embeddable":true,"href":"http:\/\/viacaofortaleza.com.br\/index.php\/wp-json\/wp\/v2\/users\/1"}],"replies":[{"embeddable":true,"href":"http:\/\/viacaofortaleza.com.br\/index.php\/wp-json\/wp\/v2\/comments?post=6807"}],"version-history":[{"count":1,"href":"http:\/\/viacaofortaleza.com.br\/index.php\/wp-json\/wp\/v2\/posts\/6807\/revisions"}],"predecessor-version":[{"id":6813,"href":"http:\/\/viacaofortaleza.com.br\/index.php\/wp-json\/wp\/v2\/posts\/6807\/revisions\/6813"}],"wp:featuredmedia":[{"embeddable":true,"href":"http:\/\/viacaofortaleza.com.br\/index.php\/wp-json\/wp\/v2\/media\/6809"}],"wp:attachment":[{"href":"http:\/\/viacaofortaleza.com.br\/index.php\/wp-json\/wp\/v2\/media?parent=6807"}],"wp:term":[{"taxonomy":"category","embeddable":true,"href":"http:\/\/viacaofortaleza.com.br\/index.php\/wp-json\/wp\/v2\/categories?post=6807"},{"taxonomy":"post_tag","embeddable":true,"href":"http:\/\/viacaofortaleza.com.br\/index.php\/wp-json\/wp\/v2\/tags?post=6807"}],"curies":[{"name":"wp","href":"https:\/\/api.w.org\/{rel}","templated":true}]}}